{"id":2398,"date":"2023-02-27T11:44:00","date_gmt":"2023-02-27T10:44:00","guid":{"rendered":"https:\/\/kastela.hr\/en\/2023\/02\/27\/manifestacija-sacuvajmo-bijace-u-21-stoljecu-se-odgada\/"},"modified":"2024-08-29T10:47:36","modified_gmt":"2024-08-29T08:47:36","slug":"manifestacija-sacuvajmo-bijace-u-21-stoljecu-se-odgada","status":"publish","type":"post","link":"https:\/\/kastela.hr\/en\/2023\/02\/27\/manifestacija-sacuvajmo-bijace-u-21-stoljecu-se-odgada\/","title":{"rendered":"Manifestacija &#8216;Sa\u010duvajmo Bija\u0107e u 21. stolje\u0107u!&#8217; se odga\u0111a"},"content":{"rendered":"<p>Tradicionalno okupljanje u Bija\u0107ima planirano za sutra, 28. velja\u010de, na lokalitetu Bija\u0107i, odga\u0111a se radi najave lo\u0161eg vremena. Obavijestit \u0107emo vas o&nbsp; novom terminu manifestacije &quot;Sa\u010duvajmo Bija\u0107e u 21. stolje\u0107u!&quot;&nbsp;<\/p>\n","protected":false},"excerpt":{"rendered":"<p>Tradicionalno okupljanje u Bija\u0107ima planirano za sutra, 28. velja\u010de, na lokalitetu Bija\u0107i, odga\u0111a se radi najave lo\u0161eg vremena. Obavijestit \u0107emo [&hellip;]<\/p>\n","protected":false},"author":7,"featured_media":2399,"comment_status":"closed","ping_status":"open","sticky":false,"template":"","format":"standard","meta":{"_acf_changed":false,"footnotes":""},"categories":[1],"tags":[],"class_list":["post-2398","post","type-post","status-publish","format-standard","has-post-thumbnail","hentry","category-novosti"],"acf":[],"_links":{"self":[{"href":"https:\/\/kastela.hr\/en\/wp-json\/wp\/v2\/posts\/2398","targetHints":{"allow":["GET"]}}],"collection":[{"href":"https:\/\/kastela.hr\/en\/wp-json\/wp\/v2\/posts"}],"about":[{"href":"https:\/\/kastela.hr\/en\/wp-json\/wp\/v2\/types\/post"}],"author":[{"embeddable":true,"href":"https:\/\/kastela.hr\/en\/wp-json\/wp\/v2\/users\/7"}],"replies":[{"embeddable":true,"href":"https:\/\/kastela.hr\/en\/wp-json\/wp\/v2\/comments?post=2398"}],"version-history":[{"count":1,"href":"https:\/\/kastela.hr\/en\/wp-json\/wp\/v2\/posts\/2398\/revisions"}],"predecessor-version":[{"id":4018,"href":"https:\/\/kastela.hr\/en\/wp-json\/wp\/v2\/posts\/2398\/revisions\/4018"}],"wp:featuredmedia":[{"embeddable":true,"href":"https:\/\/kastela.hr\/en\/wp-json\/wp\/v2\/media\/2399"}],"wp:attachment":[{"href":"https:\/\/kastela.hr\/en\/wp-json\/wp\/v2\/media?parent=2398"}],"wp:term":[{"taxonomy":"category","embeddable":true,"href":"https:\/\/kastela.hr\/en\/wp-json\/wp\/v2\/categories?post=2398"},{"taxonomy":"post_tag","embeddable":true,"href":"https:\/\/kastela.hr\/en\/wp-json\/wp\/v2\/tags?post=2398"}],"curies":[{"name":"wp","href":"https:\/\/api.w.org\/{rel}","templated":true}]}}