{"id":2395,"date":"2023-02-28T10:39:00","date_gmt":"2023-02-28T09:39:00","guid":{"rendered":"https:\/\/kastela.hr\/en\/2023\/02\/28\/kastelanska-storija-2023-veceras-u-dvorcu-vitturi\/"},"modified":"2024-08-29T10:47:36","modified_gmt":"2024-08-29T08:47:36","slug":"kastelanska-storija-2023-veceras-u-dvorcu-vitturi","status":"publish","type":"post","link":"https:\/\/kastela.hr\/en\/2023\/02\/28\/kastelanska-storija-2023-veceras-u-dvorcu-vitturi\/","title":{"rendered":"&#8216;Ka\u0161telanska \u0161torija 2023.&#8217; ve\u010deras u dvorcu Vitturi"},"content":{"rendered":"<p>U sklopu doga\u0111anja povodom Dana grada Ka\u0161tela, dodjela nagrada i priznanja te javna izvedba najuspjelijih literarnih radova s izlo\u017ebom nagra\u0111enih i pohvaljenih likovnih radova bit \u0107e odr\u017eana ve\u010deras, 28. velja\u010de 2023. g. u 18.30 sati u dvorcu Vitturi u Ka\u0161tel Luk\u0161i\u0107u.<br \/>\nSvi nagra\u0111eni i pohvaljeni likovni radovi bit \u0107e izlo\u017eeni u velikoj dvorani dvorca Vitturi prilikom dodjele nagrada i priznanja, a na Dan grada Ka\u0161tela \u0107e biti objavljeni i na slu\u017ebenoj mre\u017enoj i Facebook stranici Gradske knji\u017enice Ka\u0161tela.<br \/>\nSvi nagra\u0111eni i pohvaljeni literarni i likovni radovi, kao i radovi odabrani za zbornik, bit \u0107e tiskani u zborniku Ka\u0161telanske \u0161torije.<br \/>\nPovjerenstvo za odabir najboljih radova na temu Ka\u0161tela pohvaljuje sve autore koji su se javili na natje\u010daj, a tko \u0107e osvojiti nagrade, pogledajte&nbsp;<a href=\"https:\/\/www.gkk.hr\/vijesti\/kastelanske-storije-2023-rezultati-natjecaja\/\">ovdje<\/a>&nbsp;.<\/p>\n","protected":false},"excerpt":{"rendered":"<p>U sklopu doga\u0111anja povodom Dana grada Ka\u0161tela, dodjela nagrada i priznanja te javna izvedba najuspjelijih literarnih radova s izlo\u017ebom nagra\u0111enih [&hellip;]<\/p>\n","protected":false},"author":7,"featured_media":2396,"comment_status":"closed","ping_status":"open","sticky":false,"template":"","format":"standard","meta":{"_acf_changed":false,"footnotes":""},"categories":[1],"tags":[],"class_list":["post-2395","post","type-post","status-publish","format-standard","has-post-thumbnail","hentry","category-novosti"],"acf":[],"_links":{"self":[{"href":"https:\/\/kastela.hr\/en\/wp-json\/wp\/v2\/posts\/2395","targetHints":{"allow":["GET"]}}],"collection":[{"href":"https:\/\/kastela.hr\/en\/wp-json\/wp\/v2\/posts"}],"about":[{"href":"https:\/\/kastela.hr\/en\/wp-json\/wp\/v2\/types\/post"}],"author":[{"embeddable":true,"href":"https:\/\/kastela.hr\/en\/wp-json\/wp\/v2\/users\/7"}],"replies":[{"embeddable":true,"href":"https:\/\/kastela.hr\/en\/wp-json\/wp\/v2\/comments?post=2395"}],"version-history":[{"count":1,"href":"https:\/\/kastela.hr\/en\/wp-json\/wp\/v2\/posts\/2395\/revisions"}],"predecessor-version":[{"id":4017,"href":"https:\/\/kastela.hr\/en\/wp-json\/wp\/v2\/posts\/2395\/revisions\/4017"}],"wp:featuredmedia":[{"embeddable":true,"href":"https:\/\/kastela.hr\/en\/wp-json\/wp\/v2\/media\/2396"}],"wp:attachment":[{"href":"https:\/\/kastela.hr\/en\/wp-json\/wp\/v2\/media?parent=2395"}],"wp:term":[{"taxonomy":"category","embeddable":true,"href":"https:\/\/kastela.hr\/en\/wp-json\/wp\/v2\/categories?post=2395"},{"taxonomy":"post_tag","embeddable":true,"href":"https:\/\/kastela.hr\/en\/wp-json\/wp\/v2\/tags?post=2395"}],"curies":[{"name":"wp","href":"https:\/\/api.w.org\/{rel}","templated":true}]}}