{"id":2368,"date":"2023-03-02T08:10:00","date_gmt":"2023-03-02T07:10:00","guid":{"rendered":"https:\/\/kastela.hr\/en\/2023\/03\/02\/povodom-dana-grada-urucene-nagrade-i-potpore-sportasima\/"},"modified":"2024-08-29T10:47:36","modified_gmt":"2024-08-29T08:47:36","slug":"povodom-dana-grada-urucene-nagrade-i-potpore-sportasima","status":"publish","type":"post","link":"https:\/\/kastela.hr\/en\/2023\/03\/02\/povodom-dana-grada-urucene-nagrade-i-potpore-sportasima\/","title":{"rendered":"Povodom Dana grada uru\u010dene nagrade i potpore sporta\u0161ima"},"content":{"rendered":"<p style=\"margin-bottom:11px\">Uo\u010di Dana grada, tradicionalno se organizira prijem kategoriziranih sporta\u0161a. Isti je odr\u017ean ju\u010der, 1. o\u017eujka u Gradskoj vije\u0107nici te su im tom prilikom nagrade i potpore dodijelili <strong>predstavnici Grada, <\/strong>a prijemu je prisustvovala i <b>Mirjana Mili\u0107<\/b>, Predsjednica Zajednice \u0161portskih udruga grada Ka\u0161tela.<\/p>\n<p style=\"margin-bottom:11px\">Ka\u0161telanski sporta\u0161i daju iznimno dobre rezultate na svim nivoima, neovisno o kojem sportu je rije\u010d. Svojim trudom, znanjem i kona\u010dnim rezultatom predstavljate i promovirate grad Ka\u0161tela, i hvala vam na tome, ponosan sam na vas i \u010destitam svima na zaslu\u017eenom uspjehu te dobivenim stipendijama koje \u0107emo vam uru\u010diti &ndash; kazao je <b>gradona\u010delnik Denis Ivanovi\u0107.<\/b><\/p>\n<p style=\"margin-bottom:11px\">Rije\u010d je o uistinu vrhunskim sporta\u0161ima koji iznova ostvaruju uspjehe slijede\u0107i svoje snove te kako je rekla na\u0161a paraolimpijska juda\u0161ica <b>Lucija Bre\u0161kovi\u0107<\/b> &ndash; potrebno je puno stvari re\u0107i &bdquo;Ne&ldquo;, kako bi jednoj rekli &bdquo;Da&ldquo;, misle\u0107i na svakodnevna odricanja koja su neizbje\u017ena za ostvarenja uspjeha kojeg \u017eelimo.<\/p>\n<p style=\"margin-bottom:11px\">U Gradskoj vije\u0107nici nagra\u0111eni jesu:<\/p>\n<p style=\"margin-bottom:11px\">Judo klub Ka\u0161tela, Ka\u0161tel Stari:<\/p>\n<ul>\n<li style=\"margin-bottom:11px; margin-left:8px\">Lucija Bre\u0161kovi\u0107<\/li>\n<\/ul>\n<p style=\"margin-bottom:11px\">III. kategorija vrhunskih sporta\u0161a<\/p>\n<p style=\"margin-bottom:11px\">Judo klub Ka\u0161tela, Ka\u0161tel Stari:<\/p>\n<ul>\n<li style=\"margin-bottom:11px; margin-left:8px\">Mislav Kr\u010dek, Nikola Zorotovi\u0107<\/li>\n<\/ul>\n<p style=\"margin-bottom:11px\">Judo klub Dalmacijacement, Ka\u0161tel Su\u0107urac:<\/p>\n<ul>\n<li style=\"margin-bottom:11px; margin-left:8px\">Katarina Kri\u0161to, Lovre Bari\u0161i\u0107<\/li>\n<\/ul>\n<p style=\"margin-bottom:11px\">Tenis klub Ka\u0161tela, Ka\u0161tel Stari:<\/p>\n<ul>\n<li style=\"margin-bottom:11px; margin-left:8px\">Tena Lukas<\/li>\n<\/ul>\n<p style=\"margin-bottom:11px\">Odbojka\u0161ki klub Ribola Ka\u0161tela, Ka\u0161tel Stari:<\/p>\n<ul>\n<li style=\"margin-bottom:11px; margin-left:8px\">Bruno Bara\u0107, Duje Cvijovi\u0107, Ivan Martinovi\u0107, Ivan Ba\u0161i\u0107, Nikola Jureta, Ivan Cikojevi\u0107, Ante Kulu\u0161i\u0107, Ante \u0160uker, Ivo Mustapi\u0107<\/li>\n<\/ul>\n<p style=\"margin-bottom:11px\">Odbojka\u0161ki klub Marina Ka\u0161tela, Ka\u0161tel Gomilica:<\/p>\n<ul>\n<li style=\"margin-bottom:11px; margin-left:8px\">Tamara \u0110olonga, Elena Vuki\u0107, Jelena Zdilar, Katarina Zdilar, Matea Tekli\u0107, Lara De\u017eulovi\u0107, Bruna Boti\u0107<\/li>\n<\/ul>\n<p style=\"margin-bottom:11px\">\u017denski odbojka\u0161ki klub Ribola Ka\u0161tela, Ka\u0161tel Stari:<\/p>\n<ul>\n<li style=\"margin-bottom:11px; margin-left:8px\">Dora Matas, Tina Vatrov, Marija \u017di\u017eanovi\u0107, Nina Strize, Nikola Dragi\u010devi\u0107, Anja Grbe\u0161a, Maja Vi\u0161i\u0107, An\u0111ela Cvijovi\u0107, Mia Nin\u010devi\u0107<\/li>\n<\/ul>\n<p style=\"margin-bottom:11px\">IV. kategorija vrsnih sporta\u0161a<\/p>\n<p style=\"margin-bottom:11px\">Kickboxing klub Uni rent<\/p>\n<ul>\n<li style=\"margin-bottom:11px; margin-left:8px\">Ante Buzov<\/li>\n<\/ul>\n<p style=\"margin-bottom:11px\">Judo klub Ka\u0161tela, Ka\u0161tel Stari:<\/p>\n<ul>\n<li style=\"margin-bottom:11px; margin-left:8px\">Ivan \u0160komrlj, Marin Vuji\u0107, Nikola Zorotovi\u0107, Luka Zorotovi\u0107<\/li>\n<\/ul>\n<p style=\"margin-bottom:11px\">Ribolovni sportski klub Giri\u010di\u0107, Ka\u0161tel Gomilica:<\/p>\n<ul>\n<li style=\"margin-bottom:11px; margin-left:8px\">Pero \u0160are, Robert \u0160epinski, Ivan Ledenko<\/li>\n<\/ul>\n<p style=\"margin-bottom:11px\">\u010cestitkama su se pridru\u017eile i dogradona\u010delnica <b>Jadranka Matok-Bosan\u010di\u0107<\/b>, pro\u010delnica Upravnog odjela za dru\u0161tvene djelatnosti i zajedni\u010dke poslove <b>Antonia Kljai\u0107<\/b>.<\/p>\n<p style=\"margin-bottom:11px\">Nakon dvije godine pauze, isti dan u poslijepodnevnim satima, odr\u017eano je i progla\u0161enje najuspje\u0161nijih sporta\u0161a za 2021. i 2022. godinu u restoranu Nautic u Marini Ka\u0161tela, a priznanja im je dodijelila Mirjana Mili\u0107, Predsjednica Zajednice \u0161portskih udruga grada Ka\u0161tela.<\/p>\n","protected":false},"excerpt":{"rendered":"<p>Uo\u010di Dana grada, tradicionalno se organizira prijem kategoriziranih sporta\u0161a. Isti je odr\u017ean ju\u010der, 1. o\u017eujka u Gradskoj vije\u0107nici te su [&hellip;]<\/p>\n","protected":false},"author":7,"featured_media":2369,"comment_status":"closed","ping_status":"open","sticky":false,"template":"","format":"standard","meta":{"_acf_changed":false,"footnotes":""},"categories":[1],"tags":[],"class_list":["post-2368","post","type-post","status-publish","format-standard","has-post-thumbnail","hentry","category-novosti"],"acf":[],"_links":{"self":[{"href":"https:\/\/kastela.hr\/en\/wp-json\/wp\/v2\/posts\/2368","targetHints":{"allow":["GET"]}}],"collection":[{"href":"https:\/\/kastela.hr\/en\/wp-json\/wp\/v2\/posts"}],"about":[{"href":"https:\/\/kastela.hr\/en\/wp-json\/wp\/v2\/types\/post"}],"author":[{"embeddable":true,"href":"https:\/\/kastela.hr\/en\/wp-json\/wp\/v2\/users\/7"}],"replies":[{"embeddable":true,"href":"https:\/\/kastela.hr\/en\/wp-json\/wp\/v2\/comments?post=2368"}],"version-history":[{"count":1,"href":"https:\/\/kastela.hr\/en\/wp-json\/wp\/v2\/posts\/2368\/revisions"}],"predecessor-version":[{"id":4014,"href":"https:\/\/kastela.hr\/en\/wp-json\/wp\/v2\/posts\/2368\/revisions\/4014"}],"wp:featuredmedia":[{"embeddable":true,"href":"https:\/\/kastela.hr\/en\/wp-json\/wp\/v2\/media\/2369"}],"wp:attachment":[{"href":"https:\/\/kastela.hr\/en\/wp-json\/wp\/v2\/media?parent=2368"}],"wp:term":[{"taxonomy":"category","embeddable":true,"href":"https:\/\/kastela.hr\/en\/wp-json\/wp\/v2\/categories?post=2368"},{"taxonomy":"post_tag","embeddable":true,"href":"https:\/\/kastela.hr\/en\/wp-json\/wp\/v2\/tags?post=2368"}],"curies":[{"name":"wp","href":"https:\/\/api.w.org\/{rel}","templated":true}]}}