{"id":2300,"date":"2023-03-27T07:46:00","date_gmt":"2023-03-27T05:46:00","guid":{"rendered":"https:\/\/kastela.hr\/en\/2023\/03\/27\/uskrsna-radionica-pletenja-maslinovih-grancica-i-izrade-golubica-od-srcike-divlje-smokve-u-kastel-sucurcu\/"},"modified":"2024-08-29T10:47:35","modified_gmt":"2024-08-29T08:47:35","slug":"uskrsna-radionica-pletenja-maslinovih-grancica-i-izrade-golubica-od-srcike-divlje-smokve-u-kastel-sucurcu","status":"publish","type":"post","link":"https:\/\/kastela.hr\/en\/2023\/03\/27\/uskrsna-radionica-pletenja-maslinovih-grancica-i-izrade-golubica-od-srcike-divlje-smokve-u-kastel-sucurcu\/","title":{"rendered":"Uskrsna radionica pletenja maslinovih gran\u010dica i izrade golubica od sr\u010dike divlje smokve u Ka\u0161tel Su\u0107urcu"},"content":{"rendered":"<p style=\"margin-bottom:13px\">Uo\u010di Cvjetnice, Gradska knji\u017enica Ka\u0161tela u svom knji\u017eni\u010dnom odjelu GKK,<b>&nbsp;<\/b>na adresi<b>&nbsp;<\/b>Trg palih za domovinu 1 u Ka\u0161tel Su\u0107urcu<b> u srijedu 29. o\u017eujka u 17.00 sati<\/b>&nbsp;organizira uskrsnu ba\u0161tinsku radionicu pletenja maslinovih gran\u010dica i izrade golubica od sr\u010dike divlje smokve koje se nose na blagoslov na Cvitnicu u spomen na Isusov ulazak u Jeruzalem.<br \/>\nMaslinove gran\u010dice ukra\u0161ene golubicama izra\u0111ene na radionici polaznici \u0107e odnijeti na blagoslov na blagdan Cvjetnice.<br \/>\nKa\u0161telanska zavi\u010dajna radionica bit \u0107e organizirana u sklopu cjelogodi\u0161njeg projekta GKK &bdquo;Ka\u0161telanska kulturno-povijesna ba\u0161tina&ldquo;.<\/p>\n<p style=\"margin-bottom:13px\">Sve zainteresirane za sudjelovanje na radionici molimo da svoj dolazak najave na broj 021 226 001 ili na&nbsp;<a href=\"mailto:gkksucurac@gmail.com\" target=\"_blank\" rel=\"noopener\">gkksucurac@gmail.com<\/a>&nbsp;<\/p>\n","protected":false},"excerpt":{"rendered":"<p>Uo\u010di Cvjetnice, Gradska knji\u017enica Ka\u0161tela u svom knji\u017eni\u010dnom odjelu GKK,&nbsp;na adresi&nbsp;Trg palih za domovinu 1 u Ka\u0161tel Su\u0107urcu u srijedu [&hellip;]<\/p>\n","protected":false},"author":7,"featured_media":2301,"comment_status":"closed","ping_status":"open","sticky":false,"template":"","format":"standard","meta":{"_acf_changed":false,"footnotes":""},"categories":[1],"tags":[],"class_list":["post-2300","post","type-post","status-publish","format-standard","has-post-thumbnail","hentry","category-novosti"],"acf":[],"_links":{"self":[{"href":"https:\/\/kastela.hr\/en\/wp-json\/wp\/v2\/posts\/2300","targetHints":{"allow":["GET"]}}],"collection":[{"href":"https:\/\/kastela.hr\/en\/wp-json\/wp\/v2\/posts"}],"about":[{"href":"https:\/\/kastela.hr\/en\/wp-json\/wp\/v2\/types\/post"}],"author":[{"embeddable":true,"href":"https:\/\/kastela.hr\/en\/wp-json\/wp\/v2\/users\/7"}],"replies":[{"embeddable":true,"href":"https:\/\/kastela.hr\/en\/wp-json\/wp\/v2\/comments?post=2300"}],"version-history":[{"count":1,"href":"https:\/\/kastela.hr\/en\/wp-json\/wp\/v2\/posts\/2300\/revisions"}],"predecessor-version":[{"id":3998,"href":"https:\/\/kastela.hr\/en\/wp-json\/wp\/v2\/posts\/2300\/revisions\/3998"}],"wp:featuredmedia":[{"embeddable":true,"href":"https:\/\/kastela.hr\/en\/wp-json\/wp\/v2\/media\/2301"}],"wp:attachment":[{"href":"https:\/\/kastela.hr\/en\/wp-json\/wp\/v2\/media?parent=2300"}],"wp:term":[{"taxonomy":"category","embeddable":true,"href":"https:\/\/kastela.hr\/en\/wp-json\/wp\/v2\/categories?post=2300"},{"taxonomy":"post_tag","embeddable":true,"href":"https:\/\/kastela.hr\/en\/wp-json\/wp\/v2\/tags?post=2300"}],"curies":[{"name":"wp","href":"https:\/\/api.w.org\/{rel}","templated":true}]}}