{"id":2295,"date":"2023-03-27T07:48:00","date_gmt":"2023-03-27T05:48:00","guid":{"rendered":"https:\/\/kastela.hr\/en\/2023\/03\/27\/muzej-grada-kastela-vas-poziva-na-otvaranje-izlozbe-slika-i-poetsko-glazbeno-druzenje-u-cekaonici-snova\/"},"modified":"2024-08-29T10:47:35","modified_gmt":"2024-08-29T08:47:35","slug":"muzej-grada-kastela-vas-poziva-na-otvaranje-izlozbe-slika-i-poetsko-glazbeno-druzenje-u-cekaonici-snova","status":"publish","type":"post","link":"https:\/\/kastela.hr\/en\/2023\/03\/27\/muzej-grada-kastela-vas-poziva-na-otvaranje-izlozbe-slika-i-poetsko-glazbeno-druzenje-u-cekaonici-snova\/","title":{"rendered":"Muzej grada Ka\u0161tela vas poziva na otvaranje izlo\u017ebe slika i poetsko glazbeno dru\u017eenje &#8216;U \u010dekaonici snova&#8217;"},"content":{"rendered":"<p style=\"text-align:justify; text-indent:35.4pt; margin-bottom:11px\">Muzej grada Ka\u0161tela vas poziva na otvaranje izlo\u017ebe slika i poetsko glazbeno dru\u017eenje &#39;&#39;U \u010dekaonici snova&#39;&#39; Maje Kalogjere i Mejreme Reuter &nbsp;30. o\u017eujka u 19 sati. &nbsp;<\/p>\n<p style=\"text-align:justify; text-indent:35.4pt\">U \u010dekaonicu snova dolazimo s \u010de\u017enjama za igrom. Do kraja ako treba. Ka\u017eu da je \u010dekanje &#8211; nada. Neka tako bude. Potez prema praznom platnu je potez. Korak prema praznom platnu je kretnja. Kretnja puna odluke da forme \u0107e biti upravo onakve kakve \u017eelimo da budu a ne one koje se tra\u017ee. Platno je odluka iznutra i izvana, prodor u svijest, stremljenje za istinom.<\/p>\n<p style=\"text-align:justify; text-indent:35.4pt\">\u010cekaonica snova je onaj prostor i vrijeme kad osluhnemo vlastito bilo, kad obratimo pa\u017enju na vlastito disanje i popri\u010damo s tim trenutkom postojanja, ogoljenim ali mirisnim od istine.<\/p>\n<p style=\"text-align:justify; text-indent:35.4pt\">Kako \u010dovjek mo\u017ee biti nesretan ako ima prirodu pored sebe i pticu koja pjeva? Ljepotu treba na\u0107i iznutra. Ljepota se jutrom umiva u blagosti svjetla, raspiruje nebo do \u017eara ljeta i mora prekrasnog \u0161to hrani i tijelo i du\u0161u, i da, \u0161iba ponekad ali i to je ljepota jer ima snagu \u017eivota. \u017divot je san a ne zastoj svijesti. Budimo se da ostavimo trag na ovom planetu. Poput cvijeta. U boji i mirisu, u do\u017eivljaju i vrijednosti postojanja. Uronuti u vlastiti prostor misli bez zadr\u0161ke i prepu\u0161tanja odgovora, Majina je&nbsp; umjetni\u010dka smjernica. Ona dr\u017ei svoju kompoziciju u sferama zagonetke.<\/p>\n<p style=\"text-align:justify; text-indent:35.4pt\">&bdquo;Svatko tra\u017ei svoju pri\u010du, svoj naslov, kad stoji ispred moje slike&ldquo;, govori Maja i tra\u017ei jo\u0161 jednim pogledom nove tajne duboko ra\u0161ivene u prostorima prekrasnog Jadrana i vlastitog vjerovanja u to isto tra\u017eenje.<\/p>\n<p style=\"text-align:justify; text-indent:35.4pt\">Maja je ro\u0111ena&nbsp; u Splitu gdje je zavr\u0161ila Klasi\u010dnu gimnaziju. Studirala je na Filozofskom fakultetu u Zagrebu. Slikarstvom se bavi petnaestak godina, naj\u010de\u0161\u0107e u akrilnoj tehnici. Njene slike su intimni dnevnik trenutaka, doga\u0111aja i impresija. Rado eksperimentira s drugim medijima poput drva, stakla, tkanine, kita za drvo. Premda autodiktat, rado prima sugestije drugih umjetnika. Sve je to rezultiralo samostalnim i grupnim izlo\u017ebama u Splitu i okolici.&nbsp;<\/p>\n<p style=\"text-align:justify; text-indent:35.4pt\">Mejrema je ro\u0111ena u Splitu, Akademiju dramske umjetnosti zavr\u0161ila je u Zagrebu. Nakon zavr\u0161etka studija svoju karijeru je nastavila u Kairu, Kuvajtu, Rimu, Banglade\u0161u i Libiji gdje predaje dramu, organizira razne glazbene i dramske radionice s djecom te kombinira razna glazbena djela.&nbsp; Po povratku u Hrvatsku, Mejrema intenzivno radi s djecom s posebnim potrebama i njihovim roditeljima.<\/p>\n","protected":false},"excerpt":{"rendered":"<p>Muzej grada Ka\u0161tela vas poziva na otvaranje izlo\u017ebe slika i poetsko glazbeno dru\u017eenje &#39;&#39;U \u010dekaonici snova&#39;&#39; Maje Kalogjere i Mejreme [&hellip;]<\/p>\n","protected":false},"author":7,"featured_media":2296,"comment_status":"closed","ping_status":"open","sticky":false,"template":"","format":"standard","meta":{"_acf_changed":false,"footnotes":""},"categories":[1],"tags":[],"class_list":["post-2295","post","type-post","status-publish","format-standard","has-post-thumbnail","hentry","category-novosti"],"acf":[],"_links":{"self":[{"href":"https:\/\/kastela.hr\/en\/wp-json\/wp\/v2\/posts\/2295","targetHints":{"allow":["GET"]}}],"collection":[{"href":"https:\/\/kastela.hr\/en\/wp-json\/wp\/v2\/posts"}],"about":[{"href":"https:\/\/kastela.hr\/en\/wp-json\/wp\/v2\/types\/post"}],"author":[{"embeddable":true,"href":"https:\/\/kastela.hr\/en\/wp-json\/wp\/v2\/users\/7"}],"replies":[{"embeddable":true,"href":"https:\/\/kastela.hr\/en\/wp-json\/wp\/v2\/comments?post=2295"}],"version-history":[{"count":1,"href":"https:\/\/kastela.hr\/en\/wp-json\/wp\/v2\/posts\/2295\/revisions"}],"predecessor-version":[{"id":3997,"href":"https:\/\/kastela.hr\/en\/wp-json\/wp\/v2\/posts\/2295\/revisions\/3997"}],"wp:featuredmedia":[{"embeddable":true,"href":"https:\/\/kastela.hr\/en\/wp-json\/wp\/v2\/media\/2296"}],"wp:attachment":[{"href":"https:\/\/kastela.hr\/en\/wp-json\/wp\/v2\/media?parent=2295"}],"wp:term":[{"taxonomy":"category","embeddable":true,"href":"https:\/\/kastela.hr\/en\/wp-json\/wp\/v2\/categories?post=2295"},{"taxonomy":"post_tag","embeddable":true,"href":"https:\/\/kastela.hr\/en\/wp-json\/wp\/v2\/tags?post=2295"}],"curies":[{"name":"wp","href":"https:\/\/api.w.org\/{rel}","templated":true}]}}