{"id":2275,"date":"2023-04-05T07:46:00","date_gmt":"2023-04-05T05:46:00","guid":{"rendered":"https:\/\/kastela.hr\/en\/2023\/04\/05\/izbori-za-clanove-vijeca-i-predstavnike-nacionalnih-manjina-2\/"},"modified":"2024-08-29T10:47:35","modified_gmt":"2024-08-29T08:47:35","slug":"izbori-za-clanove-vijeca-i-predstavnike-nacionalnih-manjina-2","status":"publish","type":"post","link":"https:\/\/kastela.hr\/en\/2023\/04\/05\/izbori-za-clanove-vijeca-i-predstavnike-nacionalnih-manjina-2\/","title":{"rendered":"Izbori za \u010dlanove vije\u0107a i predstavnike nacionalnih manjina"},"content":{"rendered":"<p style=\"text-align:justify; margin-bottom:11px\">Vlada Republike Hrvatske na sjednici odr\u017eanoj 30. o\u017eujka 2023. donijela je Odluku o raspisivanju izbora&nbsp; za \u010dlanove vije\u0107a nacionalnih manjina u jedinicama lokalne i podru\u010dne (regionalne) samouprave i Odluku o raspisivanju izbora za predstavnike nacionalnih manjina u jedinicama lokalne i podru\u010dne (regionalne) samouprave.<\/p>\n<p align=\"center\" style=\"text-align:center; margin-bottom:11px\"><b>Izbori \u0107e se odr\u017eati u nedjelju 7. svibnja 2023.<\/b><\/p>\n<p style=\"text-align:justify\">Bira\u010di, pripadnici nacionalnih manjina za koje se provode izbori iz navedenih Odluka mogu izvr\u0161iti pregled, dopunu i promjenu podataka upisanih u registar bira\u010da. Zahtjevi za upis, ispravak ili promjenu podataka u registru bira\u010da mogu se predati neposredno u pisanom obliku, poslati po\u0161tom ili usmeno izjaviti na zapisnik pri Upravnom odjelu za op\u0107u upravu u vremenu od 08:00 &ndash; 13:00 sati.<\/p>\n<p style=\"text-align:justify\">Bira\u010di za \u010dlanove vije\u0107a i predstavnike nacionalnih manjina mogu <b>glasovati samo u mjestu svog prebivali\u0161ta i na da izbora ne mogu se izja\u0161njavati o svojoj nacionalnoj pripadnosti<\/b>, osim ako se utvrdi da nisu upisani u registar bira\u010da.<\/p>\n<p style=\"text-align:justify\">Pozivaju se pripadnici nacionalnih manjina, posebno oni koji \u0107e navr\u0161iti 18 godina do dana odr\u017eavanja izbora da se izjasne o svojoj nacionalnoj pripadnosti neposredno ili putem sustava <b>e-Gra\u0111ani<\/b>.<\/p>\n<p align=\"center\" style=\"text-align:center\"><b>Rok za podno\u0161enje &nbsp;zahtjeva za dopunu ili promjenu istje\u010de<\/b><\/p>\n<p align=\"center\" style=\"text-align:center\"><b>u srijedu 26. travnja 2023.<\/b><\/p>\n<p style=\"text-align:justify; margin-bottom:11px\">Hrvatski dr\u017eavljani, pripadnici nacionalnih manjina koji imaju bira\u010dko pravo, a nisu upisani u izvatke zaklju\u010denog popisa bira\u010da dostavljenog na bira\u010dka mjesta, mogu na dan izbora dokazivati pravo na glasovanje potvrdom za glasovanje temeljem \u010dlanka 57. stavka 1, Zakona o registru bira\u010da<\/p>\n","protected":false},"excerpt":{"rendered":"<p>Vlada Republike Hrvatske na sjednici odr\u017eanoj 30. o\u017eujka 2023. donijela je Odluku o raspisivanju izbora&nbsp; za \u010dlanove vije\u0107a nacionalnih manjina [&hellip;]<\/p>\n","protected":false},"author":7,"featured_media":2276,"comment_status":"closed","ping_status":"open","sticky":false,"template":"","format":"standard","meta":{"_acf_changed":false,"footnotes":""},"categories":[1],"tags":[],"class_list":["post-2275","post","type-post","status-publish","format-standard","has-post-thumbnail","hentry","category-novosti"],"acf":[],"_links":{"self":[{"href":"https:\/\/kastela.hr\/en\/wp-json\/wp\/v2\/posts\/2275","targetHints":{"allow":["GET"]}}],"collection":[{"href":"https:\/\/kastela.hr\/en\/wp-json\/wp\/v2\/posts"}],"about":[{"href":"https:\/\/kastela.hr\/en\/wp-json\/wp\/v2\/types\/post"}],"author":[{"embeddable":true,"href":"https:\/\/kastela.hr\/en\/wp-json\/wp\/v2\/users\/7"}],"replies":[{"embeddable":true,"href":"https:\/\/kastela.hr\/en\/wp-json\/wp\/v2\/comments?post=2275"}],"version-history":[{"count":1,"href":"https:\/\/kastela.hr\/en\/wp-json\/wp\/v2\/posts\/2275\/revisions"}],"predecessor-version":[{"id":3994,"href":"https:\/\/kastela.hr\/en\/wp-json\/wp\/v2\/posts\/2275\/revisions\/3994"}],"wp:featuredmedia":[{"embeddable":true,"href":"https:\/\/kastela.hr\/en\/wp-json\/wp\/v2\/media\/2276"}],"wp:attachment":[{"href":"https:\/\/kastela.hr\/en\/wp-json\/wp\/v2\/media?parent=2275"}],"wp:term":[{"taxonomy":"category","embeddable":true,"href":"https:\/\/kastela.hr\/en\/wp-json\/wp\/v2\/categories?post=2275"},{"taxonomy":"post_tag","embeddable":true,"href":"https:\/\/kastela.hr\/en\/wp-json\/wp\/v2\/tags?post=2275"}],"curies":[{"name":"wp","href":"https:\/\/api.w.org\/{rel}","templated":true}]}}