{"id":2272,"date":"2023-04-05T08:30:00","date_gmt":"2023-04-05T06:30:00","guid":{"rendered":"https:\/\/kastela.hr\/en\/2023\/04\/05\/sazvana-13-sjednica-gradskog-vijeca\/"},"modified":"2024-11-28T09:06:23","modified_gmt":"2024-11-28T08:06:23","slug":"sazvana-13-sjednica-gradskog-vijeca","status":"publish","type":"post","link":"https:\/\/kastela.hr\/en\/2023\/04\/05\/sazvana-13-sjednica-gradskog-vijeca\/","title":{"rendered":"Sazvana 13. sjednica Gradskog vije\u0107a"},"content":{"rendered":"<p>Predsjednik Gradskog vije\u0107a Ivan Udovi\u010di\u0107 sazvao je 13. sjednicu Gradskog vije\u0107a Grada Ka\u0161tela za dan 12. travnja (srijeda) 2023. g. u 10 sati u Gradskoj vije\u0107nici.&nbsp;<\/p>\n<p>Dnevni red se sastoji od trideset devet to\u010daka:<\/p>\n<p style=\"text-align:justify\">&nbsp;1. Usvajanje Zapisnika s 12. sjednice Gradskog vije\u0107a<\/p>\n<p class=\"LO-Normal\" style=\"text-align:justify\">&nbsp;2. Vije\u0107ni\u010dka pitanja i prijedlozi<\/p>\n<p style=\"text-align:justify\">&nbsp;3. Prijedlog Godi\u0161njeg izvje\u0161taja o izvr\u0161enju prora\u010duna Grada Ka\u0161tela za 2022. godinu<\/p>\n<p style=\"text-align:justify\">&nbsp;4. Prijedlog odluke o raspodjeli rezultata za 2022. godinu<\/p>\n<p class=\"LO-Normal\">&nbsp;&nbsp;&nbsp;&nbsp;&nbsp; &#8211; Izvjestiteljica t.3 i t.4.: Matija Marija \u0110iki\u0107, pro\u010delnica Upravnog odjela za financije, javnu nabavu i naplatu prihoda<\/p>\n<p style=\"text-align:justify\">&nbsp;5. Prijedlog odluke o pove\u0107anju i uskla\u0111enju temeljnog kapitala trgova\u010dkog dru\u0161tva Zeleno i modro d.o.o.<\/p>\n<p style=\"text-align:justify\">&nbsp;6. Prijedlog odluke o izmjeni Odluke o osnivanju i imenovanju Vije\u0107a za dodjelu koncesijskih odobrenja na podru\u010dju Grada Ka\u0161tela<\/p>\n<p class=\"MsoNoSpacing\">&nbsp;&nbsp; &nbsp;&#8211; Izvjestiteljica t.5 i t. 6.: Marija Vu\u010dica, pro\u010delnica Upravnog odjela za gospodarski razvoj i&nbsp;fondove&nbsp; Europske unije<\/p>\n<p class=\"MsoNoSpacing\">7. Prijedlog odluke o izradi IV. izmjena i dopuna (tekstualnih) Prostornog plana ure\u0111enja Grada Ka\u0161tela<\/p>\n<p class=\"MsoNoSpacing\">8. Prijedlog odluke o izradi IV. izmjena i dopuna (tekstualnih) Generalnog urbanisti\u010dkog plana Ka\u0161tela<\/p>\n<p class=\"MsoNoSpacing\">9. Izvje\u0161\u0107e o izvr\u0161enju Programa kori\u0161tenja sredstava naknade za zadr\u017eavanje nezakonito izgra\u0111enih zgrada u prostoru na podru\u010dju Grada Ka\u0161tela za 2022. godinu<\/p>\n<p class=\"MsoNoSpacing\">&#8211; Izvjestiteljica t. 7 do t. 9.: Josipa Kurba\u0161a Banovac, pro\u010delnica Upravnog odjela za prostorno ure\u0111enje i za\u0161titu okoli\u0161a<\/p>\n<p class=\"LO-Normal\">10. &nbsp;Prijedlog odluke o ukidanju statusa javnog dobra u op\u0107oj uporabi na dijelu \u010dest.zem. 1585 k.o. Ka\u0161tel Su\u0107urac<\/p>\n<p class=\"LO-Normal\">11. Prijedlog odluke o davanju suglasnosti na dodatak 1. Ugovora o sufinanciranju dijela asfalterskih radova na izgradnji dijela sekundarne kanalizacijske mre\u017ee i vodovodne mre\u017ee na podru\u010dju Grada Ka\u0161tela (ju\u017eno od dr\u017eavne ceste D8 do mora)<\/p>\n<p class=\"LO-Normal\">12. Prijedlog odluke o davanju suglasnosti na dodatak 1. Ugovoru o sufinanciranju dijela vodoopskrbe i odvodnje Grada Ka\u0161tela (Ka\u0161tel Su\u0107urac, Ka\u0161tel Gomilica, Ka\u0161tel Kambelovac)<\/p>\n<p class=\"LO-Normal\">13. Prijedlog odluke o izmjeni Rje\u0161enja o odre\u0111ivanju imena ulica i trgova na podru\u010dju naselja Ka\u0161tel Stari<\/p>\n<p class=\"LO-Normal\">14. Prijedlog odluke o dopuni Rje\u0161enja o odre\u0111ivanju imena ulica i trgova na podru\u010dju naselja Ka\u0161tel Luk\u0161i\u0107<\/p>\n<p class=\"LO-Normal\">15. Izvje\u0161\u0107e o izvr\u0161enju programa gra\u0111enja komunalne infrastrukture za 2022. godinu<\/p>\n<p class=\"LO-Normal\">16. Izvje\u0161\u0107e o izvr\u0161enju programa odr\u017eavanja komunalne infrastrukture u Gradu Ka\u0161tela za 2022. godinu<\/p>\n<p class=\"LO-Normal\">&#8211; Izvjestitelj t. 10. do t. 16.: Ivica \u0160kopljanac, pro\u010delnik Upravnog odjela za komunalno gospodarstvo i imovinu<\/p>\n<p class=\"LO-Normal\">17. Izvje\u0161\u0107e o izvr\u0161enju Programa odr\u017eavanja komunalne infrastrukture koju odr\u017eava Vlastiti pogon za obavljanje komunalnih djelatnosti u Gradu Ka\u0161tela za 2022. godinu<\/p>\n<p class=\"LO-Normal\">&#8211; Izvjestitelj: Ivan \u010cagalj, upravitelj Vlastitog pogona<\/p>\n<p>18.&nbsp; Prijedlog odluke o na\u010dinu ostvarivanja prednosti pri upisu djece u Dje\u010dji vrti\u0107 &bdquo;Ka\u0161tela&ldquo;<\/p>\n<p style=\"text-align:justify\">19. Prijedlog odluke o na\u010dinu i uvjetima sufinanciranja programa pred\u0161kolskog odgoja na podru\u010dju Grada Trogira i Grada Solina za djecu s prebivali\u0161tem na podru\u010dju Grada Ka\u0161tela<\/p>\n<p style=\"text-align:justify\">20. Izvje\u0161\u0107e o izvr\u0161enju Programa financiranja javnih potreba u pred\u0161kolskom odgoju Grada Ka\u0161tela za 2022. godinu<\/p>\n<p style=\"text-align:justify\">21. Izvje\u0161\u0107e o izvr\u0161enju Programa financiranja javnih potreba u obrazovanju Grada Ka\u0161tela za 2022.<\/p>\n<p style=\"text-align:justify\">22. Izvje\u0161\u0107e o izvr\u0161enju Programa financiranja javnih potreba u sportu Grada Ka\u0161tela za 2022. godinu<\/p>\n<p style=\"text-align:justify\">23. Izvje\u0161\u0107e o izvr\u0161enju Programa financiranja javnih potreba udruga gra\u0111ana, institucija, ustanova i vjerskih zajednica Grada Ka\u0161tela za 2022. godinu<\/p>\n<p style=\"text-align:justify\">24. Izvje\u0161\u0107e o izvr\u0161enju Programa financiranja javnih potreba u tehni\u010dkoj kulturi Grada Ka\u0161tela za 2022. godinu<\/p>\n<p style=\"text-align:justify\">25. Izvje\u0161\u0107e o izvr\u0161enju Programa javnih potreba u socijalnoj skrbi i zdravstvenoj za\u0161titi za 2022. godinu<\/p>\n<p style=\"text-align:justify\">26. Izvje\u0161\u0107e o izvr\u0161enju Programa javnih potreba u protupo\u017earnoj i civilnoj za\u0161titi Grada Ka\u0161tela za 2022. godinu.<\/p>\n<p style=\"text-align:justify\">27. Izvje\u0161\u0107e o izvr\u0161enju Programa javnih potreba za obavljanje djelatnosti stanice Hrvatske gorske slu\u017ebe spa\u0161avanja na podru\u010dju Grada Ka\u0161tela za 2022. godinu.<\/p>\n<p style=\"text-align:justify\">28. Izvje\u0161\u0107e o izvr\u0161enju Plana djelovanja Grada Ka\u0161tela u podru\u010dju prirodnih nepogoda za 2022. godinu.<\/p>\n<p style=\"text-align:justify\">29. Izvje\u0161\u0107e o izvr\u0161enju Programa javnih potreba u kulturi Grada Ka\u0161tela za 2022. godinu<\/p>\n<p class=\"MsoNoSpacing\">&nbsp; &nbsp;&nbsp;&nbsp;&nbsp;&#8211; Izvjestiteljica t. 18 do t. 29.: Antonia Kljai\u0107, pro\u010delnica Upravnog odjela za dru\u0161tvene djelatnosti i zajedni\u010dke poslove<\/p>\n<p class=\"LO-Normal\">30. Izvje\u0161\u0107e o radu gradona\u010delnika za razdoblje srpanj-prosinac 2022.<\/p>\n<p style=\"text-align:justify\">&#8211; Izvjestitelj: Denis Ivanovi\u0107, gradona\u010delnik<\/p>\n<p style=\"text-align:justify\">31. Izvje\u0161\u0107e o radu Javne ustanove \u0160portski objekti Ka\u0161tela i Godi\u0161nji izvje\u0161taj o izvr\u0161enju financijskog plana javne ustanove \u0160portski objekti Ka\u0161tela za 2022. godinu<\/p>\n<p class=\"MsoNoSpacing\">&#8211; Izvjestitelji: Ante Boti\u0107, ravnatelj Javne ustanove \u0160portski objekti Ka\u0161tela i Antonia Kljai\u0107, pro\u010delnica Upravnog odjela za dru\u0161tvene djelatnosti i zajedni\u010dke poslove<\/p>\n<p class=\"MsoNoSpacing\">32. Izvje\u0161\u0107e o radu Dje\u010djeg vrti\u0107a &bdquo;Ka\u0161tela&ldquo; za pedago\u0161ku godinu 2021.\/2022. i Godi\u0161nji izvje\u0161taj o izvr\u0161enju financijskog plana Dje\u010djeg vrti\u0107a &bdquo;Ka\u0161tela&ldquo; za 2022. godinu<\/p>\n<p class=\"MsoNoSpacing\">-Izvjestiteljica: Ivanka Vu\u010dica, ravnateljica Dje\u010djeg vrti\u0107a &bdquo;Ka\u0161tela&ldquo;<\/p>\n<p class=\"MsoNoSpacing\">33. Izvje\u0161\u0107e o radu Muzeja grada Ka\u0161tela za 2022. godinu i Godi\u0161nje izvje\u0161\u0107e o izvr\u0161enju financijskog plana Muzeja grada Ka\u0161tela za 2022. godinu<\/p>\n<ul>\n<li class=\"MsoNoSpacing\"><span style=\"tab-stops:list 0cm\">&nbsp;&#8211; Izvjestitelj: Ivan \u0160uta, ravnatelj Muzeja grada Ka\u0161tela<\/span><\/li>\n<\/ul>\n<ol start=\"34\">\n<li class=\"MsoNoSpacing\"><span style=\"tab-stops:list 0cm\">Izvje\u0161\u0107e o radu Gradske knji\u017enice za 2022. godinu i Godi\u0161nje izvje\u0161\u0107e o izvr\u0161enju financijskog plana Gradske knji\u017enice Ka\u0161tela za 2022. godinu<\/span><\/li>\n<\/ol>\n<ul>\n<li class=\"MsoNoSpacing\"><span style=\"tab-stops:list 0cm\">Izvjestiteljica: Renata Dobri\u0107, ravnateljica Gradske knji\u017enice Ka\u0161tela<\/span><\/li>\n<\/ul>\n<p class=\"MsoNoSpacing\">35. Izvje\u0161\u0107e o radu Zajednice \u0161portskih udruga Ka\u0161tela za 2022. godinu i Izvje\u0161\u0107e o izvr\u0161enju Detaljnog plana zajednice \u0161portskih udruga Ka\u0161tela za 2022. godinu<\/p>\n<p class=\"MsoNoSpacing\">-Izvjestiteljica: Mirjana Mili\u0107, predsjednica Zajednice \u0161portskih udruga Ka\u0161tela&nbsp;<\/p>\n<p class=\"LO-Normal\">36. Godi\u0161nje izvje\u0161\u0107e o radu Razvojne agencije Grada Ka\u0161tela i Godi\u0161nje izvje\u0161\u0107e o izvr\u0161enju financijskog plana Razvojne agencije Grada Ka\u0161tela<\/p>\n<p class=\"LO-Normal\">&#8211; Izvjestiteljica: Marijana Mi\u0161erda Baji\u0107, ravnateljica Razvojne agencije Grada Ka\u0161tela<\/p>\n<p class=\"LO-Normal\">37. &nbsp;&nbsp;Izvje\u0161\u0107e o radu davatelja javne usluge za 2022. godinu<\/p>\n<p class=\"LO-Normal\">&#8211; Izvjestitelj: Alen Lu\u010di\u0107, direktor Zeleno i modro d.o.o.<\/p>\n<p class=\"LO-Normal\">38. Izvje\u0161\u0107e o radu Savjeta mladih Grada Ka\u0161tela za 2022. godinu<\/p>\n<p class=\"LO-Normal\">-Izvjestitelj: Ante Baturina, predsjednik Savjeta mladih Grada Ka\u0161tela<\/p>\n<p class=\"LO-Normal\">39. Prijedlog zaklju\u010dka o prijedlogu za imenovanje sudaca porotnika \u017dupanijskog suda u Splitu<\/p>\n<p class=\"LO-Normal\">&#8211; Izvjestiteljica: Vedrana Malenica, Vi\u0161a savjetnica za poslove Gradskog vije\u0107a<\/p>\n","protected":false},"excerpt":{"rendered":"<p>Predsjednik Gradskog vije\u0107a Ivan Udovi\u010di\u0107 sazvao je 13. sjednicu Gradskog vije\u0107a Grada Ka\u0161tela za dan 12. travnja (srijeda) 2023. g. [&hellip;]<\/p>\n","protected":false},"author":7,"featured_media":2273,"comment_status":"closed","ping_status":"open","sticky":false,"template":"","format":"standard","meta":{"_acf_changed":false,"footnotes":""},"categories":[1],"tags":[],"class_list":["post-2272","post","type-post","status-publish","format-standard","has-post-thumbnail","hentry","category-novosti"],"acf":[],"_links":{"self":[{"href":"https:\/\/kastela.hr\/en\/wp-json\/wp\/v2\/posts\/2272","targetHints":{"allow":["GET"]}}],"collection":[{"href":"https:\/\/kastela.hr\/en\/wp-json\/wp\/v2\/posts"}],"about":[{"href":"https:\/\/kastela.hr\/en\/wp-json\/wp\/v2\/types\/post"}],"author":[{"embeddable":true,"href":"https:\/\/kastela.hr\/en\/wp-json\/wp\/v2\/users\/7"}],"replies":[{"embeddable":true,"href":"https:\/\/kastela.hr\/en\/wp-json\/wp\/v2\/comments?post=2272"}],"version-history":[{"count":2,"href":"https:\/\/kastela.hr\/en\/wp-json\/wp\/v2\/posts\/2272\/revisions"}],"predecessor-version":[{"id":13756,"href":"https:\/\/kastela.hr\/en\/wp-json\/wp\/v2\/posts\/2272\/revisions\/13756"}],"wp:featuredmedia":[{"embeddable":true,"href":"https:\/\/kastela.hr\/en\/wp-json\/wp\/v2\/media\/2273"}],"wp:attachment":[{"href":"https:\/\/kastela.hr\/en\/wp-json\/wp\/v2\/media?parent=2272"}],"wp:term":[{"taxonomy":"category","embeddable":true,"href":"https:\/\/kastela.hr\/en\/wp-json\/wp\/v2\/categories?post=2272"},{"taxonomy":"post_tag","embeddable":true,"href":"https:\/\/kastela.hr\/en\/wp-json\/wp\/v2\/tags?post=2272"}],"curies":[{"name":"wp","href":"https:\/\/api.w.org\/{rel}","templated":true}]}}