{"id":2269,"date":"2023-04-07T06:30:00","date_gmt":"2023-04-07T04:30:00","guid":{"rendered":"https:\/\/kastela.hr\/en\/2023\/04\/07\/kastelanke-i-kastelani-sretan-vam-uskrs\/"},"modified":"2024-08-29T10:47:35","modified_gmt":"2024-08-29T08:47:35","slug":"kastelanke-i-kastelani-sretan-vam-uskrs","status":"publish","type":"post","link":"https:\/\/kastela.hr\/en\/2023\/04\/07\/kastelanke-i-kastelani-sretan-vam-uskrs\/","title":{"rendered":"Ka\u0161telanke i Ka\u0161telani, sretan vam Uskrs!"},"content":{"rendered":"<p><span style=\"font-weight:400; font-variant:normal; white-space:pre-wrap\"><span style=\"font-style:normal\">Drage Ka\u0161telanke i Ka\u0161telani,<\/span><\/span><\/p>\n<p style=\"margin-bottom:11px\"><span style=\"font-weight:400; font-variant:normal; white-space:pre-wrap\"><span style=\"font-style:normal\">najve\u0107i blagdan kr\u0161\u0107anstva, dan uskrsnu\u0107a Isusa Krista nam donosi novo ro\u0111enje, bu\u0111enje i ja\u010danje vjere u nama.&nbsp;<\/span><\/span><\/p>\n<p style=\"margin-bottom:11px\"><span style=\"font-weight:400; font-variant:normal; white-space:pre-wrap\"><span style=\"font-style:normal\">Prisje\u0107anje na Kristovu muku, njegovu smrt i uskrsnu\u0107e koje nam samo po sebi predstavlja pobjedu nad smrti, nadahnjuje nas da pru\u017eimo pomo\u0107 i utjehu svima koji se nalaze u nevolji, koji zbog siroma\u0161tva i bolesti, nerazumijevanja i neprihva\u0107anja tra\u017ee i o\u010dekuju na\u0161u podr\u0161ku.&nbsp;<\/span><\/span><\/p>\n<p style=\"margin-bottom:11px\"><span style=\"font-weight:400; font-variant:normal; white-space:pre-wrap\"><span style=\"font-style:normal\">\u017delimo da i ovoga Uskrsa o\u017eivi zajedni\u0161tvo u obiteljima, tradicija hrvatskih starih obi\u010daja, uskrsnih pisanica te da uz obilje blagdanskog stola i svjetlosti uskrsne svije\u0107e dobijete ohrabrenje za sve izazove s kojima se kao pojedinci i kao dru\u0161tvo u cjelini, svakodnevno susre\u0107emo.&nbsp;<\/span><\/span><\/p>\n<p style=\"margin-bottom:11px\"><span style=\"font-weight:400; font-variant:normal; white-space:pre-wrap\"><span style=\"font-style:normal\">Svima koji slave\u0107i i\u0161\u010dekuju Kristovo uskrsnu\u0107e, u ime Grada Ka\u0161tela, i u svoje osobno, \u017eelimo sretan, radostan i blagoslovljen Uskrs!<\/span><\/span><\/p>\n<p style=\"margin-bottom:11px\"><span style=\"font-weight:700; font-variant:normal; white-space:pre-wrap\"><span style=\"font-style:normal\">Denis Ivanovi\u0107, gradona\u010delnik Ka\u0161tela<\/span><\/span><\/p>\n<p style=\"margin-bottom:11px\"><span style=\"font-weight:700; font-variant:normal; white-space:pre-wrap\"><span style=\"font-style:normal\">Ivan Udovi\u010di\u0107, predsjednik Gradskog vije\u0107a<\/span><\/span><\/p>\n<p>&nbsp;<\/p>\n","protected":false},"excerpt":{"rendered":"<p>Drage Ka\u0161telanke i Ka\u0161telani, najve\u0107i blagdan kr\u0161\u0107anstva, dan uskrsnu\u0107a Isusa Krista nam donosi novo ro\u0111enje, bu\u0111enje i ja\u010danje vjere u [&hellip;]<\/p>\n","protected":false},"author":7,"featured_media":2270,"comment_status":"closed","ping_status":"open","sticky":false,"template":"","format":"standard","meta":{"_acf_changed":false,"footnotes":""},"categories":[1],"tags":[],"class_list":["post-2269","post","type-post","status-publish","format-standard","has-post-thumbnail","hentry","category-novosti"],"acf":[],"_links":{"self":[{"href":"https:\/\/kastela.hr\/en\/wp-json\/wp\/v2\/posts\/2269","targetHints":{"allow":["GET"]}}],"collection":[{"href":"https:\/\/kastela.hr\/en\/wp-json\/wp\/v2\/posts"}],"about":[{"href":"https:\/\/kastela.hr\/en\/wp-json\/wp\/v2\/types\/post"}],"author":[{"embeddable":true,"href":"https:\/\/kastela.hr\/en\/wp-json\/wp\/v2\/users\/7"}],"replies":[{"embeddable":true,"href":"https:\/\/kastela.hr\/en\/wp-json\/wp\/v2\/comments?post=2269"}],"version-history":[{"count":1,"href":"https:\/\/kastela.hr\/en\/wp-json\/wp\/v2\/posts\/2269\/revisions"}],"predecessor-version":[{"id":3991,"href":"https:\/\/kastela.hr\/en\/wp-json\/wp\/v2\/posts\/2269\/revisions\/3991"}],"wp:featuredmedia":[{"embeddable":true,"href":"https:\/\/kastela.hr\/en\/wp-json\/wp\/v2\/media\/2270"}],"wp:attachment":[{"href":"https:\/\/kastela.hr\/en\/wp-json\/wp\/v2\/media?parent=2269"}],"wp:term":[{"taxonomy":"category","embeddable":true,"href":"https:\/\/kastela.hr\/en\/wp-json\/wp\/v2\/categories?post=2269"},{"taxonomy":"post_tag","embeddable":true,"href":"https:\/\/kastela.hr\/en\/wp-json\/wp\/v2\/tags?post=2269"}],"curies":[{"name":"wp","href":"https:\/\/api.w.org\/{rel}","templated":true}]}}