{"id":2260,"date":"2023-04-13T07:24:00","date_gmt":"2023-04-13T05:24:00","guid":{"rendered":"https:\/\/kastela.hr\/en\/2023\/04\/13\/odrzana-13-sjednica-gradskog-vijeca\/"},"modified":"2024-08-29T10:47:35","modified_gmt":"2024-08-29T08:47:35","slug":"odrzana-13-sjednica-gradskog-vijeca","status":"publish","type":"post","link":"https:\/\/kastela.hr\/en\/2023\/04\/13\/odrzana-13-sjednica-gradskog-vijeca\/","title":{"rendered":"Odr\u017eana 13. sjednica Gradskog vije\u0107a"},"content":{"rendered":"<p style=\"text-align:justify; margin-bottom:11px\"><span lang=\"HR\" style=\"background:white\">Dana 12. travnja, u Gradskoj vije\u0107nici, odr\u017eana je&nbsp; 13. sjednica Gradskog vije\u0107a sadr\u017eana od trideset devet to\u010daka dnevnog reda. <\/span><\/p>\n<p style=\"text-align:justify; margin-bottom:11px\">Nakon usvajanja zapisnika s prethodne sjednice, uslijedila su vije\u0107ni\u010dka pitanja, a asfaltiranje ulica odnosno vra\u0107anje ulica u prvobitno stanje nakon izvr\u0161enih radova i tko je zadu\u017een za kontrolu izvr\u0161enih radova je jedno od pitanja koje je postavio vije\u0107nik Anto Komljen.<\/p>\n<p style=\"text-align:justify; margin-bottom:11px\">Gradona\u010delnik Denis Ivanovi\u0107 je zamolio da mu dostave pismeno nazive ulica koje vije\u0107nik Komljen navodi da nisu zavr\u0161ene prema pravilima struke kako bi intervenirali kod Vodovoda koji je ujedno i investitor projekta, da se eventualne gre\u0161ke otklone te dodao &ndash; vi\u0161e osoba prati i kontrolira izvr\u0161enje radova te su u svakodnevnoj me\u0111usobnoj komunikaciji. Radi se, prije svega, o komunalnim redarima i ophodnji tvrtke Zeleno i modro kao i o djelatnicima Upravnog odjela za komunalno gospodarstvo, odsjeka za izgradnju i odr\u017eavanje. Nedavno smo imali sastanak kako bi popratili odre\u0111ene probleme te su me uputili kako nam najvi\u0161e problema izazivaju prekopi telekomunikacija jer ne vra\u0107aju ulicu u prvobitno stanje. Gra\u0111ani to mogu prijaviti putem de\u017eurnih telefona komunalnih redara kao i na e-mail adrese djelatnika objavljene na stranicama Grada.<\/p>\n<p style=\"text-align:justify; margin-bottom:11px\">Ka\u0161tela su sve atraktivnije mjesto za gradnju i ugodan \u017eivot, a izgra\u0111ena su 76 posto. Cijene nekretnina su se vrtoglavo podigle pa je vije\u0107nika Marija Serajli\u0107a zanimalo planira li se u dogledno vrijeme raditi studija pro\u0161irenja gra\u0111evinskog podru\u010dja na jo\u0161 20 posto kojom bi stekli uvid u eventualna nova stambena, poslovna, sportska i turisti\u010dka podru\u010dja.<\/p>\n<p style=\"text-align:justify; margin-bottom:11px\">&#8211; \u0160to se ti\u010de pro\u0161irenja GUP-a, ne gleda se samo 80 posto izgra\u0111enosti nego i gusto\u0107a, a pro\u010delnica Upravnog odjela za prostorno ure\u0111enje i za\u0161titu okoli\u0161a Josipa Kurba\u0161a Banovac je dodala kako je ista studija ra\u0111ena 2021. godine koja je pokazala trenutnu popunjenost gra\u0111evinskog podru\u010dja od 76 posto. Nakon dosegnutih 80 posto izgra\u0111enosti, to nije zakonska obveza da idemo u \u0161irenje gra\u0111evinskog podru\u010dja, ve\u0107 mogu\u0107nost o kojoj \u0107e Grad odlu\u010diti. Trenutno Grad ne razmi\u0161lja u tom smjeru radi velikog broja izdanih gra\u0111evinskih dozvola ve\u0107 se konkretno bazira na komunalnu infrastrukturu &ndash; nova parkirna mjesta i nove zelene povr\u0161ine.<\/p>\n<p style=\"text-align:justify; margin-bottom:11px\">Vije\u0107nicu Meri \u0160kopljanac Gagi\u0107 je zanimao po\u010detak radova nadogradnje vrti\u0107a i postavljanje rampe na \u017eeljezni\u010dkom prijelazu u Ka\u0161tel Luk\u0161i\u0107u u Majunu.<\/p>\n<p style=\"text-align:justify; margin-bottom:11px\">&#8211; \u0160to se ti\u010de nadogradnje vrti\u0107a u Luk\u0161i\u0107u, zavr\u0161eno je Javno savjetovanje sa zainteresiranom javno\u0161\u0107u i radovi bi trebali po\u010deti krajem \u0161kolske godine, a za vrti\u0107 u Radunu krajem kalendarske godine. Upit za postavljanje rampe \u0107e biti ponovno poslan u Hrvatske \u017eeljeznice &ndash; kazao je gradona\u010delnik Denis Ivanovi\u0107.<\/p>\n<p style=\"text-align:justify; margin-bottom:11px\">U dogovoru sa slu\u017ebama gradskog i privatnih vrti\u0107a, donijela se mjera kojom prednost upisa imaju djeca \u010dija su oba roditelja stalno zaposlena. Svim roditeljima koji ne ispunjavaju uvjet zaposlenja, djeca im nisu ispisana iz vrti\u0107a ve\u0107 im je ponu\u0111en \u0161estosatni program vrti\u0107a.<\/p>\n<p style=\"text-align:justify; margin-bottom:11px\"><span lang=\"HR\" style=\"background:white\">&#8211; &#8211; \u0160to se ti\u010de ostvarivanja prednosti on je propisan zakonom. Isto tako bili bi najsretniji na svijetu da se sva djeca mogu upisati u vrti\u0107e. Kao \u0161to znate vrti\u0107 po zakonu nije obavezan, obavezna je samo mala \u0161kola, odnosno pred\u0161kola. Trudimo se na sve na\u010dine da upi\u0161emo svu djecu, imamo Dje\u010dji vrti\u0107 Ka\u0161tela, dva privatna vrti\u0107a, tri vjerska, Obrt za \u010duvanje djece. Grad sufinancira i djecu koja su upisana u vrti\u0107e gradova Trogira i Solina. Kriteriji moraju postajati jer nemamo drugog na\u010dina za upisati svu djecu \u010diji roditelji rade &ndash; kazala je Antonia Kljai\u0107 pro\u010delnica Upravnog odjela za dru\u0161tvene djelatnosti i zajedni\u010dke poslove.<\/span><\/p>\n<p style=\"text-align:justify; margin-bottom:11px\"><span lang=\"HR\" style=\"background:white\">Usvojena su izvje\u0161\u0107a o radu gradskih javnih ustanova u pro\u0161loj godini, kao i brojni Programi financiranja od \u0161porta, \u0161kolstva, zdravstva, socijale i sl. Usvojen je i prijedlog odluke o izvr\u0161enju pro\u0161logodi\u0161njeg prora\u010duna te izvje\u0161\u0107e o radu gradona\u010delnika od srpnja do prosinca za pro\u0161lu godinu.<\/span><\/p>\n<p style=\"text-align:justify; margin-bottom:11px\"><span lang=\"HR\" style=\"background:white\">&#8211; Izvje\u0161\u0107a ste dobili, mogu re\u0107i da se svako pola godine prakti\u010dki vrte projekti, neki su se pomakli naprijed, neki su u procesu izgradnje, nekima je zavr\u0161ena dokumentacija. Mo\u017eda samo da izdvojim luku u Ka\u0161tel Starom, radovi su zavr\u0161eni, dokumentacija se radi na obalnom pojasu do kule \u0106ipiko, tako\u0111er i za obalni pojas Su\u0107urca. Za rekonstrukcija ulice svete Lucije izvo\u0111a\u010d je ve\u0107 odabran \u010deka se da u\u0111e u radove. Raduni\u0107eva ulica je zavr\u0161ena. Pokrenuta je druga faza projekta groblja u Kambelovcu, i radovi na recikla\u017enom dvori\u0161tu Cemex. Vodosprema Rudina je ve\u0107 zavr\u0161ena, a za kulturni centar Luk\u0161i\u0107 do ljeta o\u010dekujem da \u0107e biti gotov. &#8211; kazao je kratko gradona\u010delnik Denis Ivanovi\u0107.<\/span><\/p>\n<p style=\"text-align:justify; margin-bottom:11px\"><span lang=\"HR\" style=\"background:white\">Najzna\u010dajniji prihodi prora\u010duna su i dalje prihodi od poreza i to ukupno oko 95 posto.<\/span><\/p>\n<p style=\"margin-bottom:10px; text-align:justify\"><span style=\"background:white\">Usvojeni su i programi financiranja javnih potreba u pred\u0161kolskom odgoju, obrazovanju, sportu, programi o javnim potrebama udruga gra\u0111ana, institucija, ustanova i vjerskih zajednica Grada Ka\u0161tela za 2022. godinu. Zatim, programi financiranja javnih potreba za pro\u0161lu godinu u tehni\u010dkoj kulturi, u socijalnoj skrbi i zdravstvenoj za\u0161titi, protupo\u017earnoj i civilnoj za\u0161titi, za obavljanje djelatnosti stanice Hrvatske gorske slu\u017ebe spa\u0161avanja.<\/span><\/p>\n<p style=\"margin-bottom:10px; text-align:justify\"><span style=\"background:white\">Dostavljena su izvje\u0161\u0107a o izvr\u0161enju pro\u0161logodi\u0161njeg Programa javnih potreba u kulturi, o radu Javne ustanove \u0160portski objekti Ka\u0161tela, izvje\u0161\u0107e o radu Dje\u010djeg vrti\u0107a Ka\u0161tela za pedago\u0161ku godinu 2021.\/2022., izvje\u0161\u0107e o radu Muzeja grada Ka\u0161tela, Gradske knji\u017enice, Razvojne agencije Grada Ka\u0161tela te gradske komunalne tvrtke Zeleno i modro.<\/span><\/p>\n<p style=\"text-align:justify; margin-bottom:11px\">&nbsp;<\/p>\n","protected":false},"excerpt":{"rendered":"<p>Dana 12. travnja, u Gradskoj vije\u0107nici, odr\u017eana je&nbsp; 13. sjednica Gradskog vije\u0107a sadr\u017eana od trideset devet to\u010daka dnevnog reda. Nakon [&hellip;]<\/p>\n","protected":false},"author":7,"featured_media":2261,"comment_status":"closed","ping_status":"open","sticky":false,"template":"","format":"standard","meta":{"_acf_changed":false,"footnotes":""},"categories":[1],"tags":[],"class_list":["post-2260","post","type-post","status-publish","format-standard","has-post-thumbnail","hentry","category-novosti"],"acf":[],"_links":{"self":[{"href":"https:\/\/kastela.hr\/en\/wp-json\/wp\/v2\/posts\/2260","targetHints":{"allow":["GET"]}}],"collection":[{"href":"https:\/\/kastela.hr\/en\/wp-json\/wp\/v2\/posts"}],"about":[{"href":"https:\/\/kastela.hr\/en\/wp-json\/wp\/v2\/types\/post"}],"author":[{"embeddable":true,"href":"https:\/\/kastela.hr\/en\/wp-json\/wp\/v2\/users\/7"}],"replies":[{"embeddable":true,"href":"https:\/\/kastela.hr\/en\/wp-json\/wp\/v2\/comments?post=2260"}],"version-history":[{"count":1,"href":"https:\/\/kastela.hr\/en\/wp-json\/wp\/v2\/posts\/2260\/revisions"}],"predecessor-version":[{"id":3988,"href":"https:\/\/kastela.hr\/en\/wp-json\/wp\/v2\/posts\/2260\/revisions\/3988"}],"wp:featuredmedia":[{"embeddable":true,"href":"https:\/\/kastela.hr\/en\/wp-json\/wp\/v2\/media\/2261"}],"wp:attachment":[{"href":"https:\/\/kastela.hr\/en\/wp-json\/wp\/v2\/media?parent=2260"}],"wp:term":[{"taxonomy":"category","embeddable":true,"href":"https:\/\/kastela.hr\/en\/wp-json\/wp\/v2\/categories?post=2260"},{"taxonomy":"post_tag","embeddable":true,"href":"https:\/\/kastela.hr\/en\/wp-json\/wp\/v2\/tags?post=2260"}],"curies":[{"name":"wp","href":"https:\/\/api.w.org\/{rel}","templated":true}]}}