{"id":2254,"date":"2023-04-18T08:18:00","date_gmt":"2023-04-18T06:18:00","guid":{"rendered":"https:\/\/kastela.hr\/en\/2023\/04\/18\/noc-knjige-u-gradskoj-knjiznici-kastela\/"},"modified":"2024-08-29T10:47:35","modified_gmt":"2024-08-29T08:47:35","slug":"noc-knjige-u-gradskoj-knjiznici-kastela","status":"publish","type":"post","link":"https:\/\/kastela.hr\/en\/2023\/04\/18\/noc-knjige-u-gradskoj-knjiznici-kastela\/","title":{"rendered":"No\u0107 knjige u Gradskoj knji\u017enici Ka\u0161tela"},"content":{"rendered":"<p style=\"margin-bottom:24px; text-align:justify\"><strong>No\u0107 knjige u GKK &ndash; oslikavanje platnenih torbi; predstavljanje knjiga Natalije Princi o Nikoli Tesli i izgubljenim dalmatinskim gradovima; Sv. Jure kroz pjesmu i stihove<\/strong><\/p>\n<p style=\"margin-bottom:24px; text-align:justify\"><span style=\"box-sizing:border-box\">Gradska knji\u017enica Ka\u0161tela i ove godine u No\u0107i knjige organizira razna doga\u0111anja za djecu i odrasle u svim knji\u017eni\u010dnim odjelima, s tim da \u0107e se glavno doga\u0111anje odr\u017eati u petak 21. travnja u Nadbiskupovom ka\u0161telu (Biskupova pala\u010da) u Ka\u0161tel Su\u0107urcu s po\u010detkom u 19.30 sati.<\/span><\/p>\n<p style=\"margin-bottom:24px; text-align:justify\"><span style=\"box-sizing:border-box\"><strong style=\"box-sizing:border-box\">&ldquo;Dama s ki\u0161obranom&rdquo; &ndash; kreativna radionica oslikavanja torbi i majica sa slikaricom Mirjanom Mati\u0107<\/strong><br style=\"box-sizing:border-box\" \/><br \/>\nU sklopu No\u0107i knjige o 150. obljetnici ro\u0111enja Marije Juri\u0107 Zagorke Gradska knji\u017enica Ka\u0161tela organizira kreativnu likovnu radionicu oslikavanja torbi i majica pod vodstvom slikarice Mirjane Mati\u0107. Radionica \u0107e se odr\u017eati u petak 21. travnja s po\u010detkom u 17.00 sati u odjelu GKK u Ka\u0161tel Su\u0107urcu.<br style=\"box-sizing:border-box\" \/><br \/>\nOrganizator \u0107e pripremiti boje i ostali potreban materijal za oslikavanje, a sve one koji \u017eele do\u0107i na radionicu molimo da donesu bijelu majicu ili bijelu platnenu torbu koju \u017eele oslikati.<br style=\"box-sizing:border-box\" \/><br \/>\nMolimo sve zainteresirane da svoj dolazak najave na broj telefona 021 226 001 do \u010detvrtka jer je broj mjesta ograni\u010den.<\/span><\/p>\n<p style=\"margin-bottom:24px; text-align:justify\"><span style=\"box-sizing:border-box\"><strong style=\"box-sizing:border-box\">Predstavljanje knjiga Natalije Princi &ndash; &ldquo;Osmi grijeh &ndash; posluh&rdquo;, &ldquo;Teslina Frekvencija mira&rdquo; i &ldquo;Arduba &ndash; dokaz iz ti\u0161ine&rdquo;<\/strong><\/span><\/p>\n<p style=\"margin-bottom:24px; text-align:justify\"><span style=\"box-sizing:border-box\">&ldquo;Osmi grijeh &ndash; posluh&rdquo;, &ldquo;Teslina Frekvencija mira&rdquo; i &ldquo;Arduba &ndash; dokaz iz ti\u0161ine&rdquo; naslovi su knji\u017eevnih uspje\u0161nica knji\u017eevnice Natalije Princi koje \u0107e biti predstavljene u ovogodi\u0161njoj No\u0107i knjige u petak 21. travnja u 19.30 sati u Nadbiskupovom ka\u0161telu u Ka\u0161tel Su\u0107urcu.<br style=\"box-sizing:border-box\" \/><br \/>\nU knjizi &ldquo;Osmi grijeh &ndash; posluh&rdquo; knji\u017eevnica govori o posluhu kao grijehu na koji pristajemo odri\u010du\u0107i se vlastite slobode mi\u0161ljenja. O posluhu u dru\u0161tvu po\u010delo se razmatrati nakon Drugog svjetskog rata i onome \u0161to je \u010dovjek bio u stanju u\u010diniti \u010dovjeku. U knjizi &ldquo;Teslina Frekvencija mira&rdquo; autorica nas podsje\u0107a na Teslinu poruku ljudima: &bdquo;Spasiti se mo\u017eemo samo vlastitom voljom&rdquo;, dok u knjizi &ldquo;Arduba &ndash; dokaz iz ti\u0161ine&rdquo; kroz rije\u010di drugog rimskog cara Tiberija saznajemo gdje se nalaze zaboravljeni mitski gradovi Arduba, Splonun, Raetinium i Andetrij.<\/span><\/p>\n<p style=\"margin-bottom:24px; text-align:justify\"><span style=\"box-sizing:border-box\"><strong style=\"box-sizing:border-box\">No\u0107 knjige uz pjesmu i stihove o sv. Jurju &ldquo;Na dobro Van do\u0161a sveti Jure&rdquo;<\/strong><\/span><\/p>\n<p style=\"margin-bottom:24px; text-align:justify\"><span style=\"box-sizing:border-box\">&ldquo;Na dobro Van do\u0161a sveti Jure &ndash; sveti Jure kroz pjesmu i stihove&rdquo;, naslov je knji\u017eevno-glazbenog programa koji \u0107e se odr\u017eati nakon predstavljanja knjiga Natalije Princi, s po\u010detkom u 21.00 sati, a u kojem \u0107e sudjelovati klapa Podvorje, Pu\u010dki piva\u010di \u017eupe sv. Jurja m., pjesnici koji su pisali stihove u \u010dast sv. Jurju, u\u010denici O\u0160 kneza Mislava koji \u0107e \u010ditati stihove o sv. Jurju, a bit \u0107e prikazano i nekoliko kra\u0107ih video zapisa s Putalja snimljenih 2007. godine.<\/span><\/p>\n<p style=\"margin-bottom:24px; text-align:justify\"><span style=\"box-sizing:border-box\"><strong style=\"box-sizing:border-box\">Zamolba: Donesite stare fotografije s proslave blagdana sv. Jurja na Putalju i fotografije crkvice sv. Jurja i upi\u0161ite se besplatno u knji\u017enicu<\/strong><\/span><\/p>\n<p style=\"margin-bottom:24px; text-align:justify\"><span style=\"box-sizing:border-box\">Ovim putem GKK upu\u0107uje zamolbu svima onima koji posjeduju stare fotografije crkvice sv. Jurja na Putalju (prije preure\u0111enja, ali i nakon preure\u0111enja) te fotografije iz raznih faza istra\u017eivanja lokaliteta Putalj, kao i fotografije proslave blagdana sv. Jurja na Putalju s blagoslovom polja da nam ih do srijede 19. travnja donesu u odjel GKK u K. Su\u0107urcu, gdje \u0107emo ih skenirati i vratiti vlasnicima ili skenirane fotografije mo\u017eete poslati na email adresu <a href=\"mailto:gradskaknjiznicakastela@gmail.com\">gradskaknjiznicakastela@gmail.com<\/a>.<br style=\"box-sizing:border-box\" \/><br \/>\nNaime, namjera nam je sve prikupljene fotografije, s imenom i prezimenom dragih ljudi koji su nam ih ustupili, predstaviti u petak 21. travnja u sklopu ve\u010deri &ldquo;Na dobro Van do\u0161a sveti Jure&rdquo;, zajedno s predstavljanjem svih obi\u010daja i \u010ditanjem starih pjesama napisanih u \u010dast sv. Jurju.<br style=\"box-sizing:border-box\" \/><br \/>\nSvima koji se odazovu na\u0161em pozivu unaprijed zahvaljujemo i darujemo besplatno jednogodi\u0161nje \u010dlanstvo u Gradskoj knji\u017enici Ka\u0161tela.<\/span><\/p>\n","protected":false},"excerpt":{"rendered":"<p>No\u0107 knjige u GKK &ndash; oslikavanje platnenih torbi; predstavljanje knjiga Natalije Princi o Nikoli Tesli i izgubljenim dalmatinskim gradovima; Sv. [&hellip;]<\/p>\n","protected":false},"author":7,"featured_media":2255,"comment_status":"closed","ping_status":"open","sticky":false,"template":"","format":"standard","meta":{"_acf_changed":false,"footnotes":""},"categories":[1],"tags":[],"class_list":["post-2254","post","type-post","status-publish","format-standard","has-post-thumbnail","hentry","category-novosti"],"acf":[],"_links":{"self":[{"href":"https:\/\/kastela.hr\/en\/wp-json\/wp\/v2\/posts\/2254","targetHints":{"allow":["GET"]}}],"collection":[{"href":"https:\/\/kastela.hr\/en\/wp-json\/wp\/v2\/posts"}],"about":[{"href":"https:\/\/kastela.hr\/en\/wp-json\/wp\/v2\/types\/post"}],"author":[{"embeddable":true,"href":"https:\/\/kastela.hr\/en\/wp-json\/wp\/v2\/users\/7"}],"replies":[{"embeddable":true,"href":"https:\/\/kastela.hr\/en\/wp-json\/wp\/v2\/comments?post=2254"}],"version-history":[{"count":1,"href":"https:\/\/kastela.hr\/en\/wp-json\/wp\/v2\/posts\/2254\/revisions"}],"predecessor-version":[{"id":3986,"href":"https:\/\/kastela.hr\/en\/wp-json\/wp\/v2\/posts\/2254\/revisions\/3986"}],"wp:featuredmedia":[{"embeddable":true,"href":"https:\/\/kastela.hr\/en\/wp-json\/wp\/v2\/media\/2255"}],"wp:attachment":[{"href":"https:\/\/kastela.hr\/en\/wp-json\/wp\/v2\/media?parent=2254"}],"wp:term":[{"taxonomy":"category","embeddable":true,"href":"https:\/\/kastela.hr\/en\/wp-json\/wp\/v2\/categories?post=2254"},{"taxonomy":"post_tag","embeddable":true,"href":"https:\/\/kastela.hr\/en\/wp-json\/wp\/v2\/tags?post=2254"}],"curies":[{"name":"wp","href":"https:\/\/api.w.org\/{rel}","templated":true}]}}