{"id":2198,"date":"2023-05-03T04:27:00","date_gmt":"2023-05-03T02:27:00","guid":{"rendered":"https:\/\/kastela.hr\/en\/2023\/05\/03\/predstavljanje-knjige-nikola-tesla-ispod-paucine-marija-filipija\/"},"modified":"2024-08-29T10:47:35","modified_gmt":"2024-08-29T08:47:35","slug":"predstavljanje-knjige-nikola-tesla-ispod-paucine-marija-filipija","status":"publish","type":"post","link":"https:\/\/kastela.hr\/en\/2023\/05\/03\/predstavljanje-knjige-nikola-tesla-ispod-paucine-marija-filipija\/","title":{"rendered":"Predstavljanje knjige \u201eNikola Tesla ispod pau\u010dine\u201c Marija Filipija"},"content":{"rendered":"<p><em>Nikola Tesla ispod pau\u010dine<\/em>&nbsp;naziv je knjige koju \u0107e autor&nbsp;<b>Mario Filipi<\/b>&nbsp;predstaviti&nbsp;<b>u Nadbiskupovom ka\u0161telu u Ka\u0161tel Su\u0107urcu (Gospojska \u0161trada 1) u srijedu 3. svibnja u 19 sati<\/b>&nbsp;u organizaciji Gradske knji\u017enice Ka\u0161tela.<\/p>\n<p>Mario Filipi, novinar i publicist, hrvatski branitelj i stopostotni invalid Domovinskoga rata u knjizi&nbsp;<em>Nikola Tesla ispod pau\u010dine<\/em>&nbsp;\u010ditateljima otkriva do sada nepoznate \u010dinjenice o Nikoli Tesli, \u010diji je \u017eivot poku\u0161ao \u0161to bolje upoznati i\u0161\u010ditav\u0161i brojne dokumente i \u010dlanke te prona\u0161av\u0161i svu silu novih podataka o ovom &bdquo;veli\u010danstvenom geniju&ldquo;.<br \/>\nAutor isti\u010de: &bdquo;Do\u0161ao sam do dokumenata koji govore o Tesli kao osobi. Tesla je bio suosje\u0107ajan, dru\u0161tven i duhovit \u010dovjek, a u knjizi sam objavio i puno dokumenata koji govore o povijesti i administrativno-politi\u010dkom stanju u doba njegova ro\u0111enja.&rdquo;<\/p>\n<p>Mario Filipi zavr\u0161io je studij novinarstva na Fakultetu politi\u010dkih znanosti Sveu\u010dili\u0161ta u Zagrebu. Braniteljima u Domovinskom ratu pridru\u017eio se kao snimatelj i fotoreporter 1. kolovoza 1991. dragovoljno stigav\u0161i u Osijek s kamerom u ruci. Trudio se raditi ono \u0161to najbolje zna &ndash; pisati i snimati, kako bi istina o ratu probila sve tada\u0161nje medijske prepreke. Kobni trenutak stigao je u nedjelju 13. listopada 1991. kada se je na\u0161ao na krivome mjestu u krivo vrijeme. Izme\u0111u sela Nu\u0161tar i Marinci, na domak Vukovaru, granate iz srpskog tenka ubile su deset hrvatskih vojnika, a Filipi je te\u0161ko ranjen. Tenkovska granata odnijela mu je lijevu ruku i desnu nogu.<\/p>\n<p>Nakon povratka u \u017eivot i \u017eive\u0107i bez ruke i noge pisao je kolumne, a objavio je i tri knjige:&nbsp;<em>Nikola Tesla ispod pau\u010dine, Na isto\u010dnom pragu Domovine<\/em>&nbsp;(o ratnim doga\u0111anjima) te zbirku pjesama&nbsp;<em>Od mira do rata i natrag<\/em>.<\/p>\n<p>U novije vrijeme napisao je glazbeno-humoristi\u010dku monodramu pod naslovom&nbsp;<em>Kako glumiti normalnog \u010dovjeka<\/em>. Usprkos hendikepu, \u017eivi vrlo aktivno, bavi se sportom, vo\u0107arstvom, glumom, fotografijom, novinarstvom i knji\u017eevno\u0161\u0107u, a dvaput je poku\u0161ao preplivati kanal La Manche.<\/p>\n<p>Ulaz je slobodan, a autor je najavio i iznena\u0111enje za sve posjetitelje.<\/p>\n","protected":false},"excerpt":{"rendered":"<p>Nikola Tesla ispod pau\u010dine&nbsp;naziv je knjige koju \u0107e autor&nbsp;Mario Filipi&nbsp;predstaviti&nbsp;u Nadbiskupovom ka\u0161telu u Ka\u0161tel Su\u0107urcu (Gospojska \u0161trada 1) u srijedu [&hellip;]<\/p>\n","protected":false},"author":7,"featured_media":2199,"comment_status":"closed","ping_status":"open","sticky":false,"template":"","format":"standard","meta":{"_acf_changed":false,"footnotes":""},"categories":[1],"tags":[],"class_list":["post-2198","post","type-post","status-publish","format-standard","has-post-thumbnail","hentry","category-novosti"],"acf":[],"_links":{"self":[{"href":"https:\/\/kastela.hr\/en\/wp-json\/wp\/v2\/posts\/2198","targetHints":{"allow":["GET"]}}],"collection":[{"href":"https:\/\/kastela.hr\/en\/wp-json\/wp\/v2\/posts"}],"about":[{"href":"https:\/\/kastela.hr\/en\/wp-json\/wp\/v2\/types\/post"}],"author":[{"embeddable":true,"href":"https:\/\/kastela.hr\/en\/wp-json\/wp\/v2\/users\/7"}],"replies":[{"embeddable":true,"href":"https:\/\/kastela.hr\/en\/wp-json\/wp\/v2\/comments?post=2198"}],"version-history":[{"count":1,"href":"https:\/\/kastela.hr\/en\/wp-json\/wp\/v2\/posts\/2198\/revisions"}],"predecessor-version":[{"id":3979,"href":"https:\/\/kastela.hr\/en\/wp-json\/wp\/v2\/posts\/2198\/revisions\/3979"}],"wp:featuredmedia":[{"embeddable":true,"href":"https:\/\/kastela.hr\/en\/wp-json\/wp\/v2\/media\/2199"}],"wp:attachment":[{"href":"https:\/\/kastela.hr\/en\/wp-json\/wp\/v2\/media?parent=2198"}],"wp:term":[{"taxonomy":"category","embeddable":true,"href":"https:\/\/kastela.hr\/en\/wp-json\/wp\/v2\/categories?post=2198"},{"taxonomy":"post_tag","embeddable":true,"href":"https:\/\/kastela.hr\/en\/wp-json\/wp\/v2\/tags?post=2198"}],"curies":[{"name":"wp","href":"https:\/\/api.w.org\/{rel}","templated":true}]}}