{"id":2195,"date":"2023-05-03T04:32:00","date_gmt":"2023-05-03T02:32:00","guid":{"rendered":"https:\/\/kastela.hr\/en\/2023\/05\/03\/javni-poziv-za-predlaganje-projekata-programa-za-kastelansko-kulturno-ljeto-2023\/"},"modified":"2024-08-29T10:47:35","modified_gmt":"2024-08-29T08:47:35","slug":"javni-poziv-za-predlaganje-projekata-programa-za-kastelansko-kulturno-ljeto-2023","status":"publish","type":"post","link":"https:\/\/kastela.hr\/en\/2023\/05\/03\/javni-poziv-za-predlaganje-projekata-programa-za-kastelansko-kulturno-ljeto-2023\/","title":{"rendered":"Javni poziv za predlaganje projekata\/programa za Ka\u0161telansko kulturno ljeto 2023."},"content":{"rendered":"<p>Radi \u0161to bolje pripreme i same organizacije, potrebno je da se prijavni obrasci za program Ka\u0161telanskog kulturnog ljeta dostave najkasnije do 13. svibnja 2023. godine.<\/p>\n<p>Prijave se podnose na odgovaraju\u0107im obrascima, a mo\u017eete ih preuzeti na ni\u017ee navedenom linku (objavljeni Javni poziv od 13. travnja 2023. g.).<\/p>\n","protected":false},"excerpt":{"rendered":"<p>Radi \u0161to bolje pripreme i same organizacije, potrebno je da se prijavni obrasci za program Ka\u0161telanskog kulturnog ljeta dostave najkasnije [&hellip;]<\/p>\n","protected":false},"author":7,"featured_media":2196,"comment_status":"closed","ping_status":"open","sticky":false,"template":"","format":"standard","meta":{"_acf_changed":false,"footnotes":""},"categories":[1],"tags":[],"class_list":["post-2195","post","type-post","status-publish","format-standard","has-post-thumbnail","hentry","category-novosti"],"acf":[],"_links":{"self":[{"href":"https:\/\/kastela.hr\/en\/wp-json\/wp\/v2\/posts\/2195","targetHints":{"allow":["GET"]}}],"collection":[{"href":"https:\/\/kastela.hr\/en\/wp-json\/wp\/v2\/posts"}],"about":[{"href":"https:\/\/kastela.hr\/en\/wp-json\/wp\/v2\/types\/post"}],"author":[{"embeddable":true,"href":"https:\/\/kastela.hr\/en\/wp-json\/wp\/v2\/users\/7"}],"replies":[{"embeddable":true,"href":"https:\/\/kastela.hr\/en\/wp-json\/wp\/v2\/comments?post=2195"}],"version-history":[{"count":1,"href":"https:\/\/kastela.hr\/en\/wp-json\/wp\/v2\/posts\/2195\/revisions"}],"predecessor-version":[{"id":3978,"href":"https:\/\/kastela.hr\/en\/wp-json\/wp\/v2\/posts\/2195\/revisions\/3978"}],"wp:featuredmedia":[{"embeddable":true,"href":"https:\/\/kastela.hr\/en\/wp-json\/wp\/v2\/media\/2196"}],"wp:attachment":[{"href":"https:\/\/kastela.hr\/en\/wp-json\/wp\/v2\/media?parent=2195"}],"wp:term":[{"taxonomy":"category","embeddable":true,"href":"https:\/\/kastela.hr\/en\/wp-json\/wp\/v2\/categories?post=2195"},{"taxonomy":"post_tag","embeddable":true,"href":"https:\/\/kastela.hr\/en\/wp-json\/wp\/v2\/tags?post=2195"}],"curies":[{"name":"wp","href":"https:\/\/api.w.org\/{rel}","templated":true}]}}