{"id":2192,"date":"2023-05-04T07:33:00","date_gmt":"2023-05-04T05:33:00","guid":{"rendered":"https:\/\/kastela.hr\/en\/2023\/05\/04\/informativni-dan-eu-fondova\/"},"modified":"2024-08-29T10:47:35","modified_gmt":"2024-08-29T08:47:35","slug":"informativni-dan-eu-fondova","status":"publish","type":"post","link":"https:\/\/kastela.hr\/en\/2023\/05\/04\/informativni-dan-eu-fondova\/","title":{"rendered":"Informativni dan EU fondova"},"content":{"rendered":"<p style=\"text-align:start\"><span style=\"font-style:normal\"><span style=\"font-variant-ligatures:normal\"><span style=\"font-weight:400\"><span style=\"white-space:normal\"><span style=\"text-decoration-thickness:initial\"><span style=\"text-decoration-style:initial\"><span style=\"text-decoration-color:initial\">Drage gra\u0111anke i gra\u0111ani Ka\u0161tela,<\/p>\n<p>pozivamo Vas da nam se pridru\u017eite u proslavi Dana Europe &#8211; 9. svibnja u Ka\u0161tel Starom, u prekrasnom ambijentu parka \u0110ardin.<\/p>\n<p>Ovom prilikom, \u017eelimo Vas upoznati s projektima sufinanciranim od strane Europske unije koji se provode ili su se provodili na podru\u010dju grada Ka\u0161tela.<\/p>\n<p>Ovaj doga\u0111aj organizira se u sklopu INTERREG projekta ADRIPROMTOUR, a &nbsp;izvrsna je prilika da se informirate o tome kako se sredstva EU-a koriste u Va\u0161oj zajednici te saznate vi\u0161e o planiranim budu\u0107im projektima.<\/span><\/span><\/span><\/span><\/span><\/span><\/span><\/p>\n<p style=\"text-align:start; margin-bottom:16px\">\n<span style=\"font-style:normal\"><span style=\"font-variant-ligatures:normal\"><span style=\"font-weight:400\"><span style=\"white-space:normal\"><span style=\"text-decoration-thickness:initial\"><span style=\"text-decoration-style:initial\"><span style=\"text-decoration-color:initial\">Vidimo se u<strong> \u0110ardinu<\/strong> u <strong>Ka\u0161tel Starom, utorak 09. svibnja,<\/strong> od <strong>9<\/strong> do <strong>14 sati.<\/strong><\/span><\/span><\/span><\/span><\/span><\/span><\/span><\/p>\n","protected":false},"excerpt":{"rendered":"<p>Drage gra\u0111anke i gra\u0111ani Ka\u0161tela, pozivamo Vas da nam se pridru\u017eite u proslavi Dana Europe &#8211; 9. svibnja u Ka\u0161tel [&hellip;]<\/p>\n","protected":false},"author":7,"featured_media":2193,"comment_status":"closed","ping_status":"open","sticky":false,"template":"","format":"standard","meta":{"_acf_changed":false,"footnotes":""},"categories":[1],"tags":[],"class_list":["post-2192","post","type-post","status-publish","format-standard","has-post-thumbnail","hentry","category-novosti"],"acf":[],"_links":{"self":[{"href":"https:\/\/kastela.hr\/en\/wp-json\/wp\/v2\/posts\/2192","targetHints":{"allow":["GET"]}}],"collection":[{"href":"https:\/\/kastela.hr\/en\/wp-json\/wp\/v2\/posts"}],"about":[{"href":"https:\/\/kastela.hr\/en\/wp-json\/wp\/v2\/types\/post"}],"author":[{"embeddable":true,"href":"https:\/\/kastela.hr\/en\/wp-json\/wp\/v2\/users\/7"}],"replies":[{"embeddable":true,"href":"https:\/\/kastela.hr\/en\/wp-json\/wp\/v2\/comments?post=2192"}],"version-history":[{"count":1,"href":"https:\/\/kastela.hr\/en\/wp-json\/wp\/v2\/posts\/2192\/revisions"}],"predecessor-version":[{"id":3977,"href":"https:\/\/kastela.hr\/en\/wp-json\/wp\/v2\/posts\/2192\/revisions\/3977"}],"wp:featuredmedia":[{"embeddable":true,"href":"https:\/\/kastela.hr\/en\/wp-json\/wp\/v2\/media\/2193"}],"wp:attachment":[{"href":"https:\/\/kastela.hr\/en\/wp-json\/wp\/v2\/media?parent=2192"}],"wp:term":[{"taxonomy":"category","embeddable":true,"href":"https:\/\/kastela.hr\/en\/wp-json\/wp\/v2\/categories?post=2192"},{"taxonomy":"post_tag","embeddable":true,"href":"https:\/\/kastela.hr\/en\/wp-json\/wp\/v2\/tags?post=2192"}],"curies":[{"name":"wp","href":"https:\/\/api.w.org\/{rel}","templated":true}]}}