{"id":2189,"date":"2023-05-08T11:15:00","date_gmt":"2023-05-08T09:15:00","guid":{"rendered":"https:\/\/kastela.hr\/en\/2023\/05\/08\/22-kastelanski-praznik-cvijeca\/"},"modified":"2024-08-29T10:47:35","modified_gmt":"2024-08-29T08:47:35","slug":"22-kastelanski-praznik-cvijeca","status":"publish","type":"post","link":"https:\/\/kastela.hr\/en\/2023\/05\/08\/22-kastelanski-praznik-cvijeca\/","title":{"rendered":"22. Ka\u0161telanski praznik cvije\u0107a"},"content":{"rendered":"<article>\n<p>U organizaciji Turisti\u010dke zajednice Grada Ka\u0161tela, suorganizaciji S\u0160 Bra\u0107a Radi\u0107, Udruge Lijepa na\u0161a Ka\u0161tela i Bija\u0107i, Odgojno-obrazovne ustanove Ka\u0161tela, O\u0160 Ostrog i Botani\u010dki vrt, Grada Ka\u0161tela kao generalnog pokrovitelja, \u017dupanije splitsko-dalmatinske, TZ \u017dupanije splitsko-dalmatinske i Ministarstva poljoprivrede i \u0161umarstva kao pokrovitelja, a povodom akcije &bdquo;Lipa su lipa moja Ka\u0161tela&ldquo;, pozivamo vas na sve\u010danost otvaranja&nbsp;<b>22. Ka\u0161telanskog praznika cvije\u0107a &bdquo;More i cvit&quot;<\/b>&nbsp;&nbsp;<i>u parku \u0110ardin u Ka\u0161tel Novome 12. &ndash; 14. svibnja<\/i>&nbsp;2023. godine<\/p>\n<p><em>U petak, 12. svibnja, u parku \u0110ardin u Ka\u0161tel Novome s po\u010detkom u 10:45 sati &#8211; Cvjetna povorka<\/em>&nbsp;(od vrti\u0107a Maslina), a sudjelovat \u0107e Djeca ka\u0161telanskih vrti\u0107a, Plesni klub K7, Ka\u0161telanske ma\u017eoretkinje, KUD Zaninovi\u0107, KUD Karol Wojtyla, SAU Putalj, KUD Putalj, Ka\u0161telansko dje\u010dje kazali\u0161te \u0160katula dok \u0107e se&nbsp;<em>sve\u010danost otvaranja uprili\u010dit&nbsp;s po\u010detkom u 11 sati&nbsp;<\/em>uz zabavno glazbeni program Ples i pjesma u cvije\u0107u sudionika Cvjetne povorke. Zatim slijedi dodjela nagrada i priznanja sudionicima po svim kategorijama, a kategorije su:<\/p>\n<p>&nbsp;<\/p>\n<p>&nbsp;35. Eko natjecanje odgojno-obrazovnih ustanova Ka\u0161tela i Ka\u0161telanske zagore,<\/p>\n<p>&nbsp;31. izbor Najljep\u0161eg ka\u0161telanskog perivoja i<\/p>\n<p>11. izbor Najljep\u0161e oku\u0107nice ka\u0161telanske Zagore<\/p>\n<p>22. Ka\u0161telanski praznik cvije\u0107a &#8211; izlaga\u010di<\/p>\n<p>&nbsp;<\/p>\n<p><i>Obilazak izlo\u017eaka &ndash; cvjetni aran\u017emani, dendrolo\u0161ki materijal&nbsp; i suveniri<\/i><\/p>\n<p>Izlo\u017eba je otvorena za posjetitelje od 12.-14. svibnja 2023. (petak, subota i nedjelja)<\/p>\n<p>&nbsp;<\/p>\n<p><em>U petak, 12. svibnja, u \u017dupnoj crkvi K. Novi<\/em> odr\u017eat \u0107e se koncert <em>Bija\u0107ke vile <\/em>s po\u010detkom u 19:30 sati.<\/p>\n<p><em>U subotu, 13. svibnja,<\/em> odr\u017eat \u0107e se <em>Eko akcija u K. \u0160tafili\u0107u, \u010di\u0161\u0107enje podmorja i pla\u017ea<\/em> u suradnji s S\u0160 Bra\u0107a Radi\u0107, MO K. \u0160tafili\u0107 i Udruga Gabine.&nbsp;<\/p>\n<p>&nbsp;<\/p>\n<\/article>\n","protected":false},"excerpt":{"rendered":"<p>U organizaciji Turisti\u010dke zajednice Grada Ka\u0161tela, suorganizaciji S\u0160 Bra\u0107a Radi\u0107, Udruge Lijepa na\u0161a Ka\u0161tela i Bija\u0107i, Odgojno-obrazovne ustanove Ka\u0161tela, O\u0160 [&hellip;]<\/p>\n","protected":false},"author":7,"featured_media":2190,"comment_status":"closed","ping_status":"open","sticky":false,"template":"","format":"standard","meta":{"_acf_changed":false,"footnotes":""},"categories":[1],"tags":[],"class_list":["post-2189","post","type-post","status-publish","format-standard","has-post-thumbnail","hentry","category-novosti"],"acf":[],"_links":{"self":[{"href":"https:\/\/kastela.hr\/en\/wp-json\/wp\/v2\/posts\/2189","targetHints":{"allow":["GET"]}}],"collection":[{"href":"https:\/\/kastela.hr\/en\/wp-json\/wp\/v2\/posts"}],"about":[{"href":"https:\/\/kastela.hr\/en\/wp-json\/wp\/v2\/types\/post"}],"author":[{"embeddable":true,"href":"https:\/\/kastela.hr\/en\/wp-json\/wp\/v2\/users\/7"}],"replies":[{"embeddable":true,"href":"https:\/\/kastela.hr\/en\/wp-json\/wp\/v2\/comments?post=2189"}],"version-history":[{"count":1,"href":"https:\/\/kastela.hr\/en\/wp-json\/wp\/v2\/posts\/2189\/revisions"}],"predecessor-version":[{"id":3976,"href":"https:\/\/kastela.hr\/en\/wp-json\/wp\/v2\/posts\/2189\/revisions\/3976"}],"wp:featuredmedia":[{"embeddable":true,"href":"https:\/\/kastela.hr\/en\/wp-json\/wp\/v2\/media\/2190"}],"wp:attachment":[{"href":"https:\/\/kastela.hr\/en\/wp-json\/wp\/v2\/media?parent=2189"}],"wp:term":[{"taxonomy":"category","embeddable":true,"href":"https:\/\/kastela.hr\/en\/wp-json\/wp\/v2\/categories?post=2189"},{"taxonomy":"post_tag","embeddable":true,"href":"https:\/\/kastela.hr\/en\/wp-json\/wp\/v2\/tags?post=2189"}],"curies":[{"name":"wp","href":"https:\/\/api.w.org\/{rel}","templated":true}]}}