{"id":2179,"date":"2023-05-10T08:51:00","date_gmt":"2023-05-10T06:51:00","guid":{"rendered":"https:\/\/kastela.hr\/en\/2023\/05\/10\/odrzan-informativni-dan-eu-fondova\/"},"modified":"2024-08-29T10:47:35","modified_gmt":"2024-08-29T08:47:35","slug":"odrzan-informativni-dan-eu-fondova","status":"publish","type":"post","link":"https:\/\/kastela.hr\/en\/2023\/05\/10\/odrzan-informativni-dan-eu-fondova\/","title":{"rendered":"Odr\u017ean informativni dan EU fondova"},"content":{"rendered":"<p>Povodom dana Europe, 9. svibnja, Grad Ka\u0161tela odr\u017eao je informativni dan EU fondova u \u0110ardinu u Ka\u0161tel Starome.<\/p>\n<p>Doga\u0111aj je organiziran u sklopu Interreg projekta ADRIPROMTOUR.<\/p>\n<p>\u017deljelo se gra\u0111ane upoznati s projektima sufinanciranima od strane Europske unije koji se provode ili su se provodili na podru\u010dju Grada.<\/p>\n<p>\u0160to se pak ti\u010de budu\u0107ih projekata, Grad Ka\u0161tela je do dana\u0161njeg datuma prijavio osam projekata, ukupne vrijednosti 2.113.000 eura.<\/p>\n<p>&#8211; Projekti financirani europskim sredstvima u koja je najvi\u0161e ulo\u017eeno do sada su vila Nika, Dudanov park te program Za\u017eeli koji \u0107e se nastaviti po drugi put. Tako\u0111er, potpisani su ugovori i sa Sredi\u0161njom agencijom za financiranje i ugovaranje za nadogradnju vrti\u0107a Tre\u0161njica i Vi\u0161njica u vrijednosti od \u0161est milijuna kuna koji kre\u0107u u realizaciju &ndash; kazala je Vu\u010dica.<\/p>\n<p>Planira se u &nbsp;drugoj polovici godine prijaviti jo\u0161 najmanje pet projekata za koje se ima izra\u0111ena gra\u0111evinska dokumentacija i pripremljena baza te dogovorena partnerska organizacija.<\/p>\n<p>Gra\u0111anima su na raspolaganju bili pro\u010delnica Upravnog odjela za gospodarski razvoj i fondove Europske unije Marija Vu\u010dica, djelatnici Odsjeka za fondove Europske unije zajedno s Voditeljicom Marijanom Mi\u0161erdom Baji\u0107, te djelatnice Razvojne agencije Grada Ka\u0161tela.<\/p>\n<p>Zahvaljujemo gra\u0111anima na dolasku.<\/p>\n","protected":false},"excerpt":{"rendered":"<p>Povodom dana Europe, 9. svibnja, Grad Ka\u0161tela odr\u017eao je informativni dan EU fondova u \u0110ardinu u Ka\u0161tel Starome. Doga\u0111aj je [&hellip;]<\/p>\n","protected":false},"author":7,"featured_media":2180,"comment_status":"closed","ping_status":"open","sticky":false,"template":"","format":"standard","meta":{"_acf_changed":false,"footnotes":""},"categories":[1],"tags":[],"class_list":["post-2179","post","type-post","status-publish","format-standard","has-post-thumbnail","hentry","category-novosti"],"acf":[],"_links":{"self":[{"href":"https:\/\/kastela.hr\/en\/wp-json\/wp\/v2\/posts\/2179","targetHints":{"allow":["GET"]}}],"collection":[{"href":"https:\/\/kastela.hr\/en\/wp-json\/wp\/v2\/posts"}],"about":[{"href":"https:\/\/kastela.hr\/en\/wp-json\/wp\/v2\/types\/post"}],"author":[{"embeddable":true,"href":"https:\/\/kastela.hr\/en\/wp-json\/wp\/v2\/users\/7"}],"replies":[{"embeddable":true,"href":"https:\/\/kastela.hr\/en\/wp-json\/wp\/v2\/comments?post=2179"}],"version-history":[{"count":1,"href":"https:\/\/kastela.hr\/en\/wp-json\/wp\/v2\/posts\/2179\/revisions"}],"predecessor-version":[{"id":3974,"href":"https:\/\/kastela.hr\/en\/wp-json\/wp\/v2\/posts\/2179\/revisions\/3974"}],"wp:featuredmedia":[{"embeddable":true,"href":"https:\/\/kastela.hr\/en\/wp-json\/wp\/v2\/media\/2180"}],"wp:attachment":[{"href":"https:\/\/kastela.hr\/en\/wp-json\/wp\/v2\/media?parent=2179"}],"wp:term":[{"taxonomy":"category","embeddable":true,"href":"https:\/\/kastela.hr\/en\/wp-json\/wp\/v2\/categories?post=2179"},{"taxonomy":"post_tag","embeddable":true,"href":"https:\/\/kastela.hr\/en\/wp-json\/wp\/v2\/tags?post=2179"}],"curies":[{"name":"wp","href":"https:\/\/api.w.org\/{rel}","templated":true}]}}