{"id":2164,"date":"2023-05-30T03:00:00","date_gmt":"2023-05-30T01:00:00","guid":{"rendered":"https:\/\/kastela.hr\/en\/2023\/05\/30\/sretan-dan-drzavnosti-republike-hrvatske\/"},"modified":"2024-08-29T10:47:35","modified_gmt":"2024-08-29T08:47:35","slug":"sretan-dan-drzavnosti-republike-hrvatske","status":"publish","type":"post","link":"https:\/\/kastela.hr\/en\/2023\/05\/30\/sretan-dan-drzavnosti-republike-hrvatske\/","title":{"rendered":"Sretan Dan dr\u017eavnosti Republike Hrvatske"},"content":{"rendered":"<p>Datum kada je konstituiran prvi demokratski izabran vi\u0161estrana\u010dki Sabor, 30. svibnja. 1990. godine, zapisan je u povijest hrvatskog naroda velikim slovima. Pune 33 godine Hrvatska s ponosom&nbsp;pi\u0161e svoju novu povijest. Pritom ne zaboravljamo te\u0161ki put, koji smo morali pro\u0107i da bi danas imali neovisnu i samostalnu dr\u017eavu. U svakom trenutku, s du\u017enim po\u0161tovanjem i zahvalom, prisje\u0107amo se onih koji su utkali svoje \u017eivote u temelje hrvatske dr\u017eavnosti, prvenstveno hrvatskih branitelja i prvog predsjednika dr. Franje Tu\u0111mana. Zahvaljuju\u0107i njihovoj \u017ertvi, danas dalje gradimo slobodnu dr\u017eavu, dr\u017eavu jednakosti i tolerancije, solidarnosti, zajedni\u0161tva i socijalne pravde. Svim Ka\u0161telankama i Ka\u0161telanima \u017eelimo sretan Dan dr\u017eavnosti Republike Hrvatske!<\/p>\n<p>\nDenis Ivanovi\u0107, gradona\u010delnik Ka\u0161tela<\/p>\n<p>Ivan Udovi\u010di\u0107, predsjednik Gradskog vije\u0107a<\/p>\n","protected":false},"excerpt":{"rendered":"<p>Datum kada je konstituiran prvi demokratski izabran vi\u0161estrana\u010dki Sabor, 30. svibnja. 1990. godine, zapisan je u povijest hrvatskog naroda velikim [&hellip;]<\/p>\n","protected":false},"author":7,"featured_media":2165,"comment_status":"closed","ping_status":"open","sticky":false,"template":"","format":"standard","meta":{"_acf_changed":false,"footnotes":""},"categories":[1],"tags":[],"class_list":["post-2164","post","type-post","status-publish","format-standard","has-post-thumbnail","hentry","category-novosti"],"acf":[],"_links":{"self":[{"href":"https:\/\/kastela.hr\/en\/wp-json\/wp\/v2\/posts\/2164","targetHints":{"allow":["GET"]}}],"collection":[{"href":"https:\/\/kastela.hr\/en\/wp-json\/wp\/v2\/posts"}],"about":[{"href":"https:\/\/kastela.hr\/en\/wp-json\/wp\/v2\/types\/post"}],"author":[{"embeddable":true,"href":"https:\/\/kastela.hr\/en\/wp-json\/wp\/v2\/users\/7"}],"replies":[{"embeddable":true,"href":"https:\/\/kastela.hr\/en\/wp-json\/wp\/v2\/comments?post=2164"}],"version-history":[{"count":1,"href":"https:\/\/kastela.hr\/en\/wp-json\/wp\/v2\/posts\/2164\/revisions"}],"predecessor-version":[{"id":3969,"href":"https:\/\/kastela.hr\/en\/wp-json\/wp\/v2\/posts\/2164\/revisions\/3969"}],"wp:featuredmedia":[{"embeddable":true,"href":"https:\/\/kastela.hr\/en\/wp-json\/wp\/v2\/media\/2165"}],"wp:attachment":[{"href":"https:\/\/kastela.hr\/en\/wp-json\/wp\/v2\/media?parent=2164"}],"wp:term":[{"taxonomy":"category","embeddable":true,"href":"https:\/\/kastela.hr\/en\/wp-json\/wp\/v2\/categories?post=2164"},{"taxonomy":"post_tag","embeddable":true,"href":"https:\/\/kastela.hr\/en\/wp-json\/wp\/v2\/tags?post=2164"}],"curies":[{"name":"wp","href":"https:\/\/api.w.org\/{rel}","templated":true}]}}