{"id":2147,"date":"2023-06-07T08:02:00","date_gmt":"2023-06-07T06:02:00","guid":{"rendered":"https:\/\/kastela.hr\/en\/2023\/06\/07\/sazvana-14-sjednica-gradskog-vijeca\/"},"modified":"2024-11-28T09:00:33","modified_gmt":"2024-11-28T08:00:33","slug":"sazvana-14-sjednica-gradskog-vijeca","status":"publish","type":"post","link":"https:\/\/kastela.hr\/en\/2023\/06\/07\/sazvana-14-sjednica-gradskog-vijeca\/","title":{"rendered":"Sazvana 14. sjednica Gradskog vije\u0107a"},"content":{"rendered":"<p>Predsjednik Gradskog vije\u0107a Ivan Udovi\u010di\u0107 sazvao je 14. sjednicu Gradskog vije\u0107a Grada Ka\u0161tela za dan 14. lipnja (srijeda) 2023. g. u 10 sati u Gradskoj vije\u0107nici.<\/p>\n<p>Dnevni red se sastoji od 32 to\u010dke.<\/p>\n<p style=\"text-align:justify\">1. Izvje\u0161\u0107e Mandatne komisije<\/p>\n<p style=\"text-align:justify\">&#8211; Izvjestitelj: Mili Novak, predsjednik Mandatne komisije<\/p>\n<p style=\"text-align:justify\">2. Usvajanje Zapisnika s 13. sjednice Gradskog vije\u0107a<\/p>\n<p class=\"LO-Normal\" style=\"text-align:justify\">3. Vije\u0107ni\u010dka pitanja i prijedlozi<\/p>\n<p style=\"text-align:justify\">4. Prijedlog I. izmjena i dopuna Prora\u010duna Grada Ka\u0161tela za 2023. godinu<\/p>\n<p style=\"text-align:justify\">5. Prijedlog odluke o davanju suglasnosti za dugoro\u010dno zadu\u017eenje trgova\u010dkom dru\u0161tvu Zeleno i modro d.o.o.<\/p>\n<p class=\"LO-Normal\" style=\"text-align:justify\">&#8211; Izvjestiteljica t. 4. i t. 5.: Matija Marija \u0110iki\u0107, pro\u010delnica Upravnog odjela za financije, javnu nabavu i naplatu prihoda<\/p>\n<p style=\"text-align:justify\">6. Prijedlog 1. izmjena Programa gra\u0111enja komunalne infrastrukture za 2023. godinu<\/p>\n<p style=\"text-align:justify\">&#8211; Izvjestitelj: Ivica \u0160kopljanac, pro\u010delnik Upravnog odjela za komunalno gospodarstvo i imovinu<\/p>\n<p style=\"text-align:justify\">7. Prijedlog 1. izmjena Programa odr\u017eavanja komunalne infrastrukture u Gradu Ka\u0161tela za 2023. godinu<\/p>\n<p style=\"text-align:justify\">&#8211; Izvjestitelji: Ivica \u0160kopljanac, pro\u010delnik Upravnog odjela za komunalno gospodarstvo i imovinu i Ivan \u010cagalj, upravitelj Vlastitog pogona<\/p>\n<p style=\"text-align:justify\">8. Prijedlog odluke o kupovini \u010dest. zem. 1823\/5 k.o. Ka\u0161tel \u0160tafili\u0107<\/p>\n<p style=\"text-align:justify\">9. Prijedlog odluke o prodaji 1628\/5483 dijela kat. \u010dest. zem. 1585, \u010dest. zem. 1586\/6 i \u010dest. zem. 1586\/7 sve k.o. Ka\u0161tel Su\u0107urac u vlasni\u0161tvu Grada Ka\u0161tela uz provedbu javnog natje\u010daja<\/p>\n<p style=\"text-align:justify\">10. Prijedlog odluke o kupovini stana u zgradi ozna\u010denoj kao \u010dest. zgr. 232 k.o. Ka\u0161tel Kambelovac (Stara \u0161kola)<\/p>\n<p class=\"MsoNoSpacing\">11. Prijedlog odluke o izmjenama Odluke o nerazvrstanim cestama<\/p>\n<p style=\"text-align:justify\">12. Prijedlog izmjena i dopuna Programa raspolaganja poljoprivrednim zemlji\u0161tem u vlasni\u0161tvu Republike Hrvatske za Grad Ka\u0161tela<\/p>\n<p class=\"LO-Normal\" style=\"text-align:justify\">&#8211; Izvjestitelj t. 8. do 12.: Ivica \u0160kopljanac, pro\u010delnik Upravnog odjela za komunalno gospodarstvo i imovinu<\/p>\n<p class=\"LO-Normal\" style=\"text-align:justify\">13. Prijedlog odluke o mjerilima za naplatu usluga Dje\u010djeg vrti\u0107a Ka\u0161tela od roditelja &#8211; korisnika usluga<\/p>\n<p style=\"text-align:justify\">14. Prijedlog odluke o na\u010dinu i uvjetima sufinanciranja programa pred\u0161kolskog odgoja i obrazovanja<\/p>\n<p>15. Prijedlog odluke o financiranju nabave radnih materijala za u\u010denike osnovnih \u0161kola na podru\u010dju Grada Ka\u0161tela u \u0161kolskoj godini 2023.\/2024.<\/p>\n<p class=\"MsoNoSpacing\">&#8211; Izvjestiteljica t. 13. do t. 15.: Antonia Kljai\u0107, pro\u010delnica Upravnog odjela za dru\u0161tvene djelatnosti i zajedni\u010dke poslove<\/p>\n<p style=\"text-align:justify\">16. Prijedlog 1. izmjena Programa javnih potreba u socijalnoj skrbi i zdravstvenoj za\u0161titi Grada Ka\u0161tela za 2023. godinu<\/p>\n<p class=\"MsoNoSpacing\">&#8211; Izvjestiteljice: Antonia Kljai\u0107, pro\u010delnica Upravnog odjela za dru\u0161tvene djelatnosti i zajedni\u010dke poslove i Marija Vu\u010dica, pro\u010delnica Upravnog odjela za gospodarski razvoj i fondove&nbsp; Europske unije<\/p>\n<p style=\"text-align:justify\">17. Prijedlog 1. izmjene Programa javnih potreba u protupo\u017earnoj i civilnoj za\u0161titi Grada Ka\u0161tela za 2023. godinu<\/p>\n<p style=\"text-align:justify\">18. Prijedlog 1. izmjena i dopune Programa javnih potreba u pred\u0161kolskom odgoju i obrazovanju Grada Ka\u0161tela za 2023. godinu<\/p>\n<p style=\"text-align:justify\">19. Prijedlog 1. izmjene Programa javnih potreba u obrazovanju Grada Ka\u0161tela za 2023. godinu<\/p>\n<p style=\"text-align:justify\">20. Prijedlog 1. izmjena i dopune Programa javnih potreba u sportu Grada Ka\u0161tela za 2023. godinu<\/p>\n<p style=\"text-align:justify\">21. Prijedlog 1. izmjena Programa javnih potreba u tehni\u010dkoj kulturi Grada Ka\u0161tela za 2023. godinu<\/p>\n<p style=\"text-align:justify\">&#8211; Izvjestiteljica t. 17. do t. 21.: Antonia Kljai\u0107, pro\u010delnica Upravnog odjela za dru\u0161tvene djelatnosti i zajedni\u010dke poslove<\/p>\n<p style=\"text-align:justify\">22. Prijedlog 1. izmjena Programa javnih potreba u kulturi Grada Ka\u0161tela za 2023. godinu<\/p>\n<p class=\"MsoNoSpacing\">&#8211; Izvjestitelji: Antonia Kljai\u0107, pro\u010delnica Upravnog odjela za dru\u0161tvene djelatnosti i zajedni\u010dke poslove i Ivica \u0160kopljanac, pro\u010delnik Upravnog odjela za komunalno gospodarstvo i imovinu<\/p>\n<p style=\"text-align:justify\">23. Prijedlog 1. izmjene i dopune Programa javnih potreba gra\u0111ana, institucija, ustanova i vjerskih zajednica Grada Ka\u0161tela za 2023. godinu<\/p>\n<p class=\"MsoNoSpacing\">&#8211; Izvjestiteljica:&nbsp;Antonia Kljai\u0107, pro\u010delnica Upravnog odjela za dru\u0161tvene djelatnosti i zajedni\u010dke poslove<\/p>\n<p class=\"MsoNoSpacing\">24. Prijedlog odluke o javnom redu i miru<\/p>\n<p class=\"MsoNoSpacing\">25. Prijedlog odluke o izmjenama i dopuni Odluke o davanju gradskih prostora na privremeno kori\u0161tenje<\/p>\n<p class=\"MsoNoSpacing\">26. Prijedlog odluke o izmjenama Odluke o komunalnom redu<\/p>\n<p class=\"MsoNoSpacing\">27. Prijedlog odluke o izmjeni Odluke o uvjetima i na\u010dinu dr\u017eanja doma\u0107ih \u017eivotinja na podru\u010dju Grada Ka\u0161tela<\/p>\n<p class=\"MsoNoSpacing\">28. Prijedlog odluke o izmjenama Odluke o uvjetima i na\u010dinu dr\u017eanja ku\u0107nih ljubimaca i na\u010dinu postupanja s napu\u0161tenim i izgubljenim \u017eivotinjama<\/p>\n<p class=\"MsoNoSpacing\">29. Prijedlog odluke o izmjenama Odluke o agrotehni\u010dkim mjerama i mjerama za ure\u0111ivanje i odr\u017eavanje poljoprivrednih rudina te mjerama za\u0161tite od po\u017eara na poljoprivrednom zemlji\u0161tu na podru\u010dju Grada Ka\u0161tela<\/p>\n<p class=\"MsoNoSpacing\">30. Prijedlog odluke o izmjenama Odluke o reklamiranju na podru\u010dju Grada Ka\u0161tela<\/p>\n<p class=\"MsoNoSpacing\">&#8211; Izvjestiteljica t. 24. do t. 30.: Marija Vu\u010dica, pro\u010delnica Upravnog odjela za gospodarski razvoj i&nbsp; fondove&nbsp; Europske unije<\/p>\n<p style=\"text-align:justify\">31. Izvje\u0161\u0107e o provedbi Eko projekta na podru\u010dju Grada Ka\u0161tela<\/p>\n<p style=\"text-align:justify\">-Izvjestiteljica: Tina Runji\u0107 \u0106uk, ravnateljica agencije Eko-ka\u0161telanski zaljev<\/p>\n<p style=\"text-align:justify\">32. Informacija o sigurnosnim uvjetima na podru\u010dju Grada Ka\u0161tela za 2022. godinu<\/p>\n<p style=\"text-align:justify\">-Izvjestitelj: Neno Gudelj, na\u010delnik Policijske postaje Ka\u0161tela<\/p>\n<p style=\"text-align:justify\">&nbsp;<\/p>\n<p style=\"text-align:justify\">Materijali za to\u010dku 1. \u0107e biti naknadno dostavljeni.<\/p>\n","protected":false},"excerpt":{"rendered":"<p>Predsjednik Gradskog vije\u0107a Ivan Udovi\u010di\u0107 sazvao je 14. sjednicu Gradskog vije\u0107a Grada Ka\u0161tela za dan 14. lipnja (srijeda) 2023. g. [&hellip;]<\/p>\n","protected":false},"author":7,"featured_media":2148,"comment_status":"closed","ping_status":"open","sticky":false,"template":"","format":"standard","meta":{"_acf_changed":false,"footnotes":""},"categories":[1],"tags":[],"class_list":["post-2147","post","type-post","status-publish","format-standard","has-post-thumbnail","hentry","category-novosti"],"acf":[],"_links":{"self":[{"href":"https:\/\/kastela.hr\/en\/wp-json\/wp\/v2\/posts\/2147","targetHints":{"allow":["GET"]}}],"collection":[{"href":"https:\/\/kastela.hr\/en\/wp-json\/wp\/v2\/posts"}],"about":[{"href":"https:\/\/kastela.hr\/en\/wp-json\/wp\/v2\/types\/post"}],"author":[{"embeddable":true,"href":"https:\/\/kastela.hr\/en\/wp-json\/wp\/v2\/users\/7"}],"replies":[{"embeddable":true,"href":"https:\/\/kastela.hr\/en\/wp-json\/wp\/v2\/comments?post=2147"}],"version-history":[{"count":2,"href":"https:\/\/kastela.hr\/en\/wp-json\/wp\/v2\/posts\/2147\/revisions"}],"predecessor-version":[{"id":13716,"href":"https:\/\/kastela.hr\/en\/wp-json\/wp\/v2\/posts\/2147\/revisions\/13716"}],"wp:featuredmedia":[{"embeddable":true,"href":"https:\/\/kastela.hr\/en\/wp-json\/wp\/v2\/media\/2148"}],"wp:attachment":[{"href":"https:\/\/kastela.hr\/en\/wp-json\/wp\/v2\/media?parent=2147"}],"wp:term":[{"taxonomy":"category","embeddable":true,"href":"https:\/\/kastela.hr\/en\/wp-json\/wp\/v2\/categories?post=2147"},{"taxonomy":"post_tag","embeddable":true,"href":"https:\/\/kastela.hr\/en\/wp-json\/wp\/v2\/tags?post=2147"}],"curies":[{"name":"wp","href":"https:\/\/api.w.org\/{rel}","templated":true}]}}