{"id":2141,"date":"2023-06-10T08:41:00","date_gmt":"2023-06-10T06:41:00","guid":{"rendered":"https:\/\/kastela.hr\/en\/2023\/06\/10\/potraga-za-nestalim-ivanom-sundovom-na-podrucju-kastel-sucurca\/"},"modified":"2024-08-29T10:47:35","modified_gmt":"2024-08-29T08:47:35","slug":"potraga-za-nestalim-ivanom-sundovom-na-podrucju-kastel-sucurca","status":"publish","type":"post","link":"https:\/\/kastela.hr\/en\/2023\/06\/10\/potraga-za-nestalim-ivanom-sundovom-na-podrucju-kastel-sucurca\/","title":{"rendered":"Potraga za nestalim Ivanom \u0160undovom na podru\u010dju Ka\u0161tel Su\u0107urca"},"content":{"rendered":"<p>Ukoliko imate kakvih informacija, molimo javite na broj 091 721 0001<\/p>\n","protected":false},"excerpt":{"rendered":"<p>Ukoliko imate kakvih informacija, molimo javite na broj 091 721 0001<\/p>\n","protected":false},"author":7,"featured_media":2142,"comment_status":"closed","ping_status":"open","sticky":false,"template":"","format":"standard","meta":{"_acf_changed":false,"footnotes":""},"categories":[1],"tags":[],"class_list":["post-2141","post","type-post","status-publish","format-standard","has-post-thumbnail","hentry","category-novosti"],"acf":[],"_links":{"self":[{"href":"https:\/\/kastela.hr\/en\/wp-json\/wp\/v2\/posts\/2141","targetHints":{"allow":["GET"]}}],"collection":[{"href":"https:\/\/kastela.hr\/en\/wp-json\/wp\/v2\/posts"}],"about":[{"href":"https:\/\/kastela.hr\/en\/wp-json\/wp\/v2\/types\/post"}],"author":[{"embeddable":true,"href":"https:\/\/kastela.hr\/en\/wp-json\/wp\/v2\/users\/7"}],"replies":[{"embeddable":true,"href":"https:\/\/kastela.hr\/en\/wp-json\/wp\/v2\/comments?post=2141"}],"version-history":[{"count":1,"href":"https:\/\/kastela.hr\/en\/wp-json\/wp\/v2\/posts\/2141\/revisions"}],"predecessor-version":[{"id":3963,"href":"https:\/\/kastela.hr\/en\/wp-json\/wp\/v2\/posts\/2141\/revisions\/3963"}],"wp:featuredmedia":[{"embeddable":true,"href":"https:\/\/kastela.hr\/en\/wp-json\/wp\/v2\/media\/2142"}],"wp:attachment":[{"href":"https:\/\/kastela.hr\/en\/wp-json\/wp\/v2\/media?parent=2141"}],"wp:term":[{"taxonomy":"category","embeddable":true,"href":"https:\/\/kastela.hr\/en\/wp-json\/wp\/v2\/categories?post=2141"},{"taxonomy":"post_tag","embeddable":true,"href":"https:\/\/kastela.hr\/en\/wp-json\/wp\/v2\/tags?post=2141"}],"curies":[{"name":"wp","href":"https:\/\/api.w.org\/{rel}","templated":true}]}}