{"id":2115,"date":"2023-06-15T10:11:00","date_gmt":"2023-06-15T08:11:00","guid":{"rendered":"https:\/\/kastela.hr\/en\/2023\/06\/15\/odrzana-14-sjednica-gradskog-vijeca\/"},"modified":"2024-08-29T10:47:35","modified_gmt":"2024-08-29T08:47:35","slug":"odrzana-14-sjednica-gradskog-vijeca","status":"publish","type":"post","link":"https:\/\/kastela.hr\/en\/2023\/06\/15\/odrzana-14-sjednica-gradskog-vijeca\/","title":{"rendered":"Odr\u017eana 14. sjednica Gradskog vije\u0107a"},"content":{"rendered":"<p style=\"margin-bottom:11px\">Dana 14. lipnja, u Gradskoj vije\u0107nici, odr\u017eana je&nbsp; 14. sjednica Gradskog vije\u0107a sadr\u017eana od trideset dvije to\u010dke dnevnog reda.<\/p>\n<p>Nakon usvajanja zapisnika s prethodne sjednice, uslijedila su vije\u0107ni\u010dka pitanja, izme\u0111u ostalih, o asfaltiranju ulica koje nisu vezane uz aglomeraciju te o upisima djece u ka\u0161telanske vrti\u0107e .<\/p>\n<p style=\"margin-bottom:11px\">Nedavno je odr\u017ean sastanak kako bi se popratili odre\u0111eni problemi te se do\u0161lo do zaklju\u010dka kako najvi\u0161e problema izazivaju prekopi telekomunikacija jer ne vra\u0107aju ulicu u prvobitno stanje. Gra\u0111ani to mogu prijaviti putem de\u017eurnih telefona komunalnih redara kao i na e-mail adrese djelatnika objavljene na stranicama Grada.<\/p>\n<p>Gra\u0111ani mogu podnijeti zahtjev za asfaltiranje ulica koji nisu dio projekta Aglomeracije predstavnicima Mjesnih odbora koji \u0107e te zahtjeve proslijediti Upravnom odjelu Grada na daljnje rje\u0161avanje.<\/p>\n<p style=\"margin-bottom:11px\">Dje\u010dji vrti\u0107 &quot;Ka\u0161tela&quot; ve\u0107 drugu godinu zaredom provodi elektronske upise na dr\u017eavnoj razini. Detaljne upute za upis su objavljene uz Javni natje\u010daj, dio roditelja je imao odre\u0111enih pote\u0161ko\u0107a pri prijavama. Po zavr\u0161etku natje\u010daja, nadle\u017eni vrti\u0107 ima pristup uvidu u dokumentaciju, nikako prije &#8211; kazala je pro\u010delnica Upravnog odjela za dru\u0161tvene djelatnosti i zajedni\u010dke poslove Antonia Kljai\u0107 te dodala kako Grad sudjeluje i sufinanciranjem vrti\u0107a gradova Solina i Trogira kako bi se broj neupisane djece sveo na minimum.<\/p>\n<p>Grad ima u planu i gradnju novog vrti\u0107a, a trenutno se radi na dogradnji vrti\u0107a Tre\u0161njice i Vi\u0161njice.<\/p>\n<p>Jednoglasno je usvojena deseta to\u010dka dnevnog reda o kupnji stana u zgradi ozna\u010denoj kao \u010d. zgr. 232 k.o. Ka\u0161tel Kambelovac za izgradnju vrti\u0107a.<\/p>\n<p>Kako se ne bi podizala cijena vrti\u0107a roditeljima radi tro\u0161kova inflacije i poskupljenja, Grad je podigao iznos sufinanciranja svakog djeteta na 225 eura sa dosada\u0161njih 200 eura te time opteretio prora\u010dun na godi\u0161njoj razini za dodatnih 245 tisu\u0107a eura godi\u0161nje.<\/p>\n<p style=\"margin-bottom:11px\">Vije\u0107nik Josip Berket je iznio prijedlog kojim sugerira Gradu kupnju imovine za \u0161kole i vrti\u0107e te da Grad u kona\u010dnici postane Osniva\u010d osnovnih \u0161kola na podru\u010dju Ka\u0161tela.<\/p>\n<p style=\"margin-bottom:11px\">Grad \u0107e nastaviti financirati nabavu radnih materijala za u\u010denike osnovnih \u0161kola s podru\u010dja Ka\u0161tela, a u sklopu programa javnih potreba u socijalnoj i zdravstvenoj skrbi, financirati \u0107e i dodatna dva lije\u010dnika tijekom turisti\u010dke sezone.<\/p>\n<p style=\"margin-bottom:11px\">Rebalansom prora\u010duna <span style=\"background:white\">ukupni prihodi i primici se pove\u0107avaju za 2.393.215 eura, \u0161to je 8,15 posto vi\u0161e nego izvorni plan., a ukupni rashodi i izdaci se pove\u0107avaju za iznos od 2.785.184 eura, \u0161to je za 9,51 posto vi\u0161e nego izvorni plan. Ukupni konsolidirani vi\u0161ak prihoda iz prethodnih godina iznosi 291.969,49 eura&nbsp;<\/span><\/p>\n<p style=\"margin-bottom:11px\"><span style=\"background:white\">Pove\u0107avaju se materijalni rashodi za ukupno 476.678 eura, me\u0111u njima sufinanciranje cijene prijevoza u\u010denika, studenata i starijih osoba za 130 tisu\u0107a eura, djelatnosti Vlastitog pogona za 131.300 tisu\u0107a eura te za odr\u017eavanje nerazvrstanih cesta za 50 tisu\u0107a eura.<\/span><\/p>\n<p style=\"margin-bottom:11px\"><span style=\"background:white\">U tijeku je priprema projekata odvodnje i vodoopskrbe na podru\u010djima grada koji nisu obuhva\u0107eni projektom aglomeracije Ka\u0161tela &ndash; Trogir.<\/span><\/p>\n<p style=\"margin-bottom:11px\"><span style=\"background:white\">Agencija EKO ka\u0161telanski zaljev rje\u0161ava imovinsko pravne odnose za zahvate predvi\u0111ene projektom aglomeracija. Radovi na ugovorima A0 i A1 su pri kraju, a imovinsko pravni odnosi su rje\u0161avani sukladno dinamici izvo\u0111enja radova i nisu bili prepreka tijekom izvo\u0111enja istih &ndash; kazala je ravnateljica Tina Runji\u0107 \u0106uk te dodala kako je trenutno stanje rije\u0161enosti imovinsko pravnih odnosa na paketu B preko 80 posto, a za nadogradnju ure\u0111aja za pro\u010di\u0161\u0107ivanje otpadnih voda Divulje 100 posto.<\/span><\/p>\n<p style=\"margin-bottom:11px\"><span style=\"background:white\">U sklopu realizacije EKO projekta u protekle dvije godine zavr\u0161eno je vi\u0161e projekata izgradnje vodne infrastrukture ukupne vrijednosti oko 4,25 milijuna eura bez PDV-a.<\/span><\/p>\n<p style=\"margin-bottom:11px\"><span style=\"background:white\">Izme\u0111u Grada, Agencije EKO Ka\u0161telanski zaljev i Vodovoda i kanalizacije d.o.o. sklopljen je Ugovor o financiranju projektne dokumentacije \u010dija je ukupna vrijednost sa svim dodacima&nbsp; 349.845,19 &euro;.<\/span><\/p>\n<p style=\"margin-bottom:11px\"><span style=\"background:white\">U odnosu na prethodnu godinu, broj kaznenih djela je smanjen za 12 posto, a kada su u pitanju zapljene droga, evidentirano je smanjenje broja zapljena u odnosu na petogodi\u0161nji prosjek za 3 posto.<\/span><\/p>\n<p style=\"margin-bottom:11px\"><span style=\"background:white\">Svakodnevno smo svjedoci pobolj\u0161anja prometne infrastrukture, ali i policijskog nadzora prvenstveno na prevenciji i sankcioniranju najte\u017eih kr\u0161enja prometnih propisa (brzina i alkohol). Nazo\u010dnost policijskih slu\u017ebenika kao i sve ve\u0107i broj ure\u0111aja koji mjere brzinu i snimaju prekr\u0161itelje zasigurno \u0107e dovesti do pobolj\u0161anja stanja sigurnosti u prometu &ndash; kazao je na\u010delnik policijske postaje Ka\u0161tela Neno Gudelj.<\/span><\/p>\n<p style=\"margin-bottom:11px\"><span style=\"background:white\">&nbsp;Vije\u0107nik Mario Sarajli\u0107 iz Akcije mladih i Nezavisne liste mladih svoj mandat je stavio u mirovanje, a zamijenit \u0107e ga Jure Ugrina.<\/span><\/p>\n<p style=\"margin-bottom:11px\">\nNa sjednici su usvojene sve to\u010dke dnevnog reda. &nbsp;<\/p>\n","protected":false},"excerpt":{"rendered":"<p>Dana 14. lipnja, u Gradskoj vije\u0107nici, odr\u017eana je&nbsp; 14. sjednica Gradskog vije\u0107a sadr\u017eana od trideset dvije to\u010dke dnevnog reda. Nakon [&hellip;]<\/p>\n","protected":false},"author":7,"featured_media":2116,"comment_status":"closed","ping_status":"open","sticky":false,"template":"","format":"standard","meta":{"_acf_changed":false,"footnotes":""},"categories":[1],"tags":[],"class_list":["post-2115","post","type-post","status-publish","format-standard","has-post-thumbnail","hentry","category-novosti"],"acf":[],"_links":{"self":[{"href":"https:\/\/kastela.hr\/en\/wp-json\/wp\/v2\/posts\/2115","targetHints":{"allow":["GET"]}}],"collection":[{"href":"https:\/\/kastela.hr\/en\/wp-json\/wp\/v2\/posts"}],"about":[{"href":"https:\/\/kastela.hr\/en\/wp-json\/wp\/v2\/types\/post"}],"author":[{"embeddable":true,"href":"https:\/\/kastela.hr\/en\/wp-json\/wp\/v2\/users\/7"}],"replies":[{"embeddable":true,"href":"https:\/\/kastela.hr\/en\/wp-json\/wp\/v2\/comments?post=2115"}],"version-history":[{"count":1,"href":"https:\/\/kastela.hr\/en\/wp-json\/wp\/v2\/posts\/2115\/revisions"}],"predecessor-version":[{"id":3961,"href":"https:\/\/kastela.hr\/en\/wp-json\/wp\/v2\/posts\/2115\/revisions\/3961"}],"wp:featuredmedia":[{"embeddable":true,"href":"https:\/\/kastela.hr\/en\/wp-json\/wp\/v2\/media\/2116"}],"wp:attachment":[{"href":"https:\/\/kastela.hr\/en\/wp-json\/wp\/v2\/media?parent=2115"}],"wp:term":[{"taxonomy":"category","embeddable":true,"href":"https:\/\/kastela.hr\/en\/wp-json\/wp\/v2\/categories?post=2115"},{"taxonomy":"post_tag","embeddable":true,"href":"https:\/\/kastela.hr\/en\/wp-json\/wp\/v2\/tags?post=2115"}],"curies":[{"name":"wp","href":"https:\/\/api.w.org\/{rel}","templated":true}]}}