{"id":2112,"date":"2023-06-16T06:12:00","date_gmt":"2023-06-16T04:12:00","guid":{"rendered":"https:\/\/kastela.hr\/en\/2023\/06\/16\/grad-kastela-organizira-okrugli-stol-na-temu-problematika-zaposljavanja-osoba-s-invaliditetom\/"},"modified":"2024-08-29T10:47:35","modified_gmt":"2024-08-29T08:47:35","slug":"grad-kastela-organizira-okrugli-stol-na-temu-problematika-zaposljavanja-osoba-s-invaliditetom","status":"publish","type":"post","link":"https:\/\/kastela.hr\/en\/2023\/06\/16\/grad-kastela-organizira-okrugli-stol-na-temu-problematika-zaposljavanja-osoba-s-invaliditetom\/","title":{"rendered":"Grad Ka\u0161tela organizira okrugli stol na temu \u201eProblematika zapo\u0161ljavanja osoba s invaliditetom\u201c"},"content":{"rendered":"<p>U sklopu projekta &bdquo;\u0160irenje usluga izvaninstitucionalne skrbi &ndash; Grad Ka\u0161tela&ldquo; organizira se okrugli stol na temu &bdquo;Problematika zapo\u0161ljavanja osoba s invaliditetom&ldquo;. Na okruglom stolu \u0107e se uz predava\u010de iz recentnih institucija koje poma\u017eu na zapo\u0161ljavanju osoba s invaliditetom (Hrvatski zavod za zapo\u0161ljavanje, Centar za rehabilitaciju Split) mo\u0107i saznati pogodnosti koje poslodavci imaju prilikom zapo\u0161ljavanja.<\/p>\n<p>Tako\u0111er, od institucija i udruga koje rade s osobama s invaliditetom (DES &ndash; ustanova za zapo\u0161ljavanje, rad i profesionalnu rehabilitaciju osoba s invaliditetom, Centar Mir &ndash; ustanova za rehabilitaciju, \u017dupanijska udruga slijepih Split), \u0107emo doznati \u0161to zaposlenje zna\u010di za osobe s invaliditetom i na koji ih na\u010din uklju\u010duje aktivnije u zajednicu.<\/p>\n<p>Ovim putem pozivamo sve obrtnike i pravne osobe s podru\u010dja grada Ka\u0161tela, da nam se pridru\u017ee u utorak, 20. lipnja 2023. s po\u010detkom u 10 sati u Gradskoj vije\u0107nici grada Ka\u0161tela.<\/p>\n<p>Za dolazak molimo najavit se projektnom asistentu Vladimiru Pilepi\u0107u na 021 205 256 ili <a href=\"mailto:vladimir.pilepic@kastela.hr\">vladimir.pilepic@kastela.hr<\/a><\/p>\n<p><img decoding=\"async\" alt=\"\" src=\"\/Portals\/0\/Sirenje%20usluga%20izvaninstitucionalne%20skrbi%20logo%20%28002%29_1.jpg\" style=\"width: 442px; height: 500px;\" title=\"\" \/><\/p>\n","protected":false},"excerpt":{"rendered":"<p>U sklopu projekta &bdquo;\u0160irenje usluga izvaninstitucionalne skrbi &ndash; Grad Ka\u0161tela&ldquo; organizira se okrugli stol na temu &bdquo;Problematika zapo\u0161ljavanja osoba s [&hellip;]<\/p>\n","protected":false},"author":7,"featured_media":2113,"comment_status":"closed","ping_status":"open","sticky":false,"template":"","format":"standard","meta":{"_acf_changed":false,"footnotes":""},"categories":[1],"tags":[],"class_list":["post-2112","post","type-post","status-publish","format-standard","has-post-thumbnail","hentry","category-novosti"],"acf":[],"_links":{"self":[{"href":"https:\/\/kastela.hr\/en\/wp-json\/wp\/v2\/posts\/2112","targetHints":{"allow":["GET"]}}],"collection":[{"href":"https:\/\/kastela.hr\/en\/wp-json\/wp\/v2\/posts"}],"about":[{"href":"https:\/\/kastela.hr\/en\/wp-json\/wp\/v2\/types\/post"}],"author":[{"embeddable":true,"href":"https:\/\/kastela.hr\/en\/wp-json\/wp\/v2\/users\/7"}],"replies":[{"embeddable":true,"href":"https:\/\/kastela.hr\/en\/wp-json\/wp\/v2\/comments?post=2112"}],"version-history":[{"count":1,"href":"https:\/\/kastela.hr\/en\/wp-json\/wp\/v2\/posts\/2112\/revisions"}],"predecessor-version":[{"id":3960,"href":"https:\/\/kastela.hr\/en\/wp-json\/wp\/v2\/posts\/2112\/revisions\/3960"}],"wp:featuredmedia":[{"embeddable":true,"href":"https:\/\/kastela.hr\/en\/wp-json\/wp\/v2\/media\/2113"}],"wp:attachment":[{"href":"https:\/\/kastela.hr\/en\/wp-json\/wp\/v2\/media?parent=2112"}],"wp:term":[{"taxonomy":"category","embeddable":true,"href":"https:\/\/kastela.hr\/en\/wp-json\/wp\/v2\/categories?post=2112"},{"taxonomy":"post_tag","embeddable":true,"href":"https:\/\/kastela.hr\/en\/wp-json\/wp\/v2\/tags?post=2112"}],"curies":[{"name":"wp","href":"https:\/\/api.w.org\/{rel}","templated":true}]}}