{"id":2109,"date":"2023-06-21T04:02:00","date_gmt":"2023-06-21T02:02:00","guid":{"rendered":"https:\/\/kastela.hr\/en\/2023\/06\/21\/nastavak-provedbe-informativno-edukativne-kampanje-eu-fondovi-2021-2027-nove-prilike\/"},"modified":"2024-08-29T10:47:35","modified_gmt":"2024-08-29T08:47:35","slug":"nastavak-provedbe-informativno-edukativne-kampanje-eu-fondovi-2021-2027-nove-prilike","status":"publish","type":"post","link":"https:\/\/kastela.hr\/en\/2023\/06\/21\/nastavak-provedbe-informativno-edukativne-kampanje-eu-fondovi-2021-2027-nove-prilike\/","title":{"rendered":"Nastavak provedbe informativno-edukativne kampanje \u201eEU fondovi 2021.-2027. &#8211; Nove prilike\u201c"},"content":{"rendered":"<p style=\"text-align:justify\"><span style=\"background:white\">Ministarstvo regionalnoga razvoja i fondova Europske unije nastavlja s provedbom informativno-edukativne kampanje&nbsp;<b>&bdquo;EU fondovi 2021.-2027. &#8211; Nove prilike&ldquo;<\/b>, a idu\u0107e doga\u0111anje odr\u017eat \u0107e se&nbsp;<b>u Gradu Ka\u0161tela, naselju Ka\u0161tel Gomilici&nbsp;<\/b>(Marina Ka\u0161tela, Obala kralja Tomislava 11a, 21213, Ka\u0161tel Gomilica),&nbsp;<b>26. lipnja 2023. s po\u010detkom u 10 sati.<\/b><br \/>\n&nbsp;<br \/>\nMinistarstvo regionalnoga razvoja i fondova Europske unije nakon pripreme i odobrenja strate\u0161kih dokumenata za kori\u0161tenje EU fondova u novoj financijskoj perspektivi 2021.-2027. predstavlja mogu\u0107nosti Vi\u0161egodi\u0161njeg financijskog okvira 2021.-2027. kroz organizaciju niza informativno-edukativnih doga\u0111anja pod nazivom &bdquo;EU fondovi 2021.-2027. &#8211; Nove prilike&ldquo;. Sva doga\u0111anja bit \u0107e organizirana u 10 gradova Republike Hrvatske te \u0107e se konferencije uz program u\u017eivo prenositi i putem interneta za svu zainteresiranu javnost. Kako je to do sada izgledalo mo\u017eete vidjeti putem sljede\u0107e&nbsp;<a href=\"https:\/\/strukturnifondovi.hr\/aktivnosti\/eu-fondovi-2021-2027-nove-prilike\/\">poveznice<\/a>.<\/span><\/p>\n<p style=\"text-align:justify\"><span style=\"background:white\">U programu \u0107e sudjelovati predstavnici: Ministarstva regionalnoga razvoja i fondova Europske unije, Splitsko-dalmatinske \u017eupanije, Javne ustanove RERA S.D. za koordinaciju i razvoj Splitsko-dalmatinske \u017eupanije, Grada Ka\u0161tela,&nbsp;gospodarstvenici<\/span><\/p>\n","protected":false},"excerpt":{"rendered":"<p>Ministarstvo regionalnoga razvoja i fondova Europske unije nastavlja s provedbom informativno-edukativne kampanje&nbsp;&bdquo;EU fondovi 2021.-2027. &#8211; Nove prilike&ldquo;, a idu\u0107e doga\u0111anje [&hellip;]<\/p>\n","protected":false},"author":7,"featured_media":2110,"comment_status":"closed","ping_status":"open","sticky":false,"template":"","format":"standard","meta":{"_acf_changed":false,"footnotes":""},"categories":[1],"tags":[],"class_list":["post-2109","post","type-post","status-publish","format-standard","has-post-thumbnail","hentry","category-novosti"],"acf":[],"_links":{"self":[{"href":"https:\/\/kastela.hr\/en\/wp-json\/wp\/v2\/posts\/2109","targetHints":{"allow":["GET"]}}],"collection":[{"href":"https:\/\/kastela.hr\/en\/wp-json\/wp\/v2\/posts"}],"about":[{"href":"https:\/\/kastela.hr\/en\/wp-json\/wp\/v2\/types\/post"}],"author":[{"embeddable":true,"href":"https:\/\/kastela.hr\/en\/wp-json\/wp\/v2\/users\/7"}],"replies":[{"embeddable":true,"href":"https:\/\/kastela.hr\/en\/wp-json\/wp\/v2\/comments?post=2109"}],"version-history":[{"count":1,"href":"https:\/\/kastela.hr\/en\/wp-json\/wp\/v2\/posts\/2109\/revisions"}],"predecessor-version":[{"id":3959,"href":"https:\/\/kastela.hr\/en\/wp-json\/wp\/v2\/posts\/2109\/revisions\/3959"}],"wp:featuredmedia":[{"embeddable":true,"href":"https:\/\/kastela.hr\/en\/wp-json\/wp\/v2\/media\/2110"}],"wp:attachment":[{"href":"https:\/\/kastela.hr\/en\/wp-json\/wp\/v2\/media?parent=2109"}],"wp:term":[{"taxonomy":"category","embeddable":true,"href":"https:\/\/kastela.hr\/en\/wp-json\/wp\/v2\/categories?post=2109"},{"taxonomy":"post_tag","embeddable":true,"href":"https:\/\/kastela.hr\/en\/wp-json\/wp\/v2\/tags?post=2109"}],"curies":[{"name":"wp","href":"https:\/\/api.w.org\/{rel}","templated":true}]}}