{"id":2106,"date":"2023-06-21T08:09:00","date_gmt":"2023-06-21T06:09:00","guid":{"rendered":"https:\/\/kastela.hr\/en\/2023\/06\/21\/sedam-klapa-na-sedam-trgova\/"},"modified":"2024-08-29T10:47:35","modified_gmt":"2024-08-29T08:47:35","slug":"sedam-klapa-na-sedam-trgova","status":"publish","type":"post","link":"https:\/\/kastela.hr\/en\/2023\/06\/21\/sedam-klapa-na-sedam-trgova\/","title":{"rendered":"Sedam klapa na sedam trgova"},"content":{"rendered":"<p class=\"MsoPlainText\">U nedjelju 25. lipnja 2023 g na sedam ka\u0161telanskih trgova odr\u017eat \u0107e se manifestacija &quot; 7 klapa na 7 trgova&quot; organizator manifestacije je Klaster za odr\u017eivi razvoj Zora a pokrovitelji Grad Ka\u0161tela, Turisti\u010dka zajednica grada Ka\u0161tela , Splitsko-dalmatinska \u017eupanija.<\/p>\n<p class=\"MsoPlainText\">Glavni cilj projekta je: Ja\u010danje vidljivosti i prepoznatljivosti Ka\u0161tela i osna\u017eivanje gospodarskih djelatnosti povezanih sa turizmom, lokalnom hranom, kulturom i kreativnom industrijom. Cilj doga\u0111anja je pove\u0107ati ponudu kulturnih i umjetni\u010dkih sadr\u017eaja na podru\u010dju Ulice kako bi se pove\u0107ali efekti urbane regeneracije prostora Kreativne ulice-Ulice ka\u0161telanskog Crljenka<\/p>\n<p class=\"MsoPlainText\">Specifi\u010dni ciljevi:<\/p>\n<p class=\"MsoPlainText\">1.&nbsp;&nbsp;&nbsp;&nbsp;&nbsp;&nbsp;&nbsp;&nbsp;&nbsp;&nbsp;&nbsp; Promocija kreativnih i kulturnih industrija i povoljnog okru\u017eenja za njihov razvoj<\/p>\n<p class=\"MsoPlainText\">2.&nbsp;&nbsp;&nbsp;&nbsp;&nbsp;&nbsp;&nbsp;&nbsp;&nbsp;&nbsp;&nbsp; Ja\u010danje turisti\u010dke ponude kao i poticanje lokalnog stanovni\u0161tva na sudjelovanje u kulturnim aktivnostima poput posjeta filmskim projekcijama i glazbenim doga\u0111anjima<\/p>\n<p class=\"MsoPlainText\">3.&nbsp;&nbsp;&nbsp;&nbsp;&nbsp;&nbsp;&nbsp;&nbsp;&nbsp;&nbsp;&nbsp; \u0160irenje turisti\u010dke ponude i brendiranje Ka\u0161tela kao iznimno po\u017eeljne destinacije ne samo u ljetnim mjesecima nego i tijekom cijele godine.<\/p>\n<p class=\"MsoPlainText\">4.&nbsp;&nbsp;&nbsp;&nbsp;&nbsp; Prezentacija za\u0161ti\u0107ene nematerijalne kulturne ba\u0161tine Republike Hrvatske.<\/p>\n<p class=\"MsoPlainText\">&nbsp; Organizator zadr\u017eava pravo potpune ili djelomi\u010dne izmjene programa ukoliko neposredno prije po\u010detka nastupe izvanredne okolnosti koje nije bilo mogu\u0107e predvidjeti ili ih izbje\u0107i.<\/p>\n","protected":false},"excerpt":{"rendered":"<p>U nedjelju 25. lipnja 2023 g na sedam ka\u0161telanskih trgova odr\u017eat \u0107e se manifestacija &quot; 7 klapa na 7 trgova&quot; [&hellip;]<\/p>\n","protected":false},"author":7,"featured_media":2107,"comment_status":"closed","ping_status":"open","sticky":false,"template":"","format":"standard","meta":{"_acf_changed":false,"footnotes":""},"categories":[1],"tags":[],"class_list":["post-2106","post","type-post","status-publish","format-standard","has-post-thumbnail","hentry","category-novosti"],"acf":[],"_links":{"self":[{"href":"https:\/\/kastela.hr\/en\/wp-json\/wp\/v2\/posts\/2106","targetHints":{"allow":["GET"]}}],"collection":[{"href":"https:\/\/kastela.hr\/en\/wp-json\/wp\/v2\/posts"}],"about":[{"href":"https:\/\/kastela.hr\/en\/wp-json\/wp\/v2\/types\/post"}],"author":[{"embeddable":true,"href":"https:\/\/kastela.hr\/en\/wp-json\/wp\/v2\/users\/7"}],"replies":[{"embeddable":true,"href":"https:\/\/kastela.hr\/en\/wp-json\/wp\/v2\/comments?post=2106"}],"version-history":[{"count":1,"href":"https:\/\/kastela.hr\/en\/wp-json\/wp\/v2\/posts\/2106\/revisions"}],"predecessor-version":[{"id":3958,"href":"https:\/\/kastela.hr\/en\/wp-json\/wp\/v2\/posts\/2106\/revisions\/3958"}],"wp:featuredmedia":[{"embeddable":true,"href":"https:\/\/kastela.hr\/en\/wp-json\/wp\/v2\/media\/2107"}],"wp:attachment":[{"href":"https:\/\/kastela.hr\/en\/wp-json\/wp\/v2\/media?parent=2106"}],"wp:term":[{"taxonomy":"category","embeddable":true,"href":"https:\/\/kastela.hr\/en\/wp-json\/wp\/v2\/categories?post=2106"},{"taxonomy":"post_tag","embeddable":true,"href":"https:\/\/kastela.hr\/en\/wp-json\/wp\/v2\/tags?post=2106"}],"curies":[{"name":"wp","href":"https:\/\/api.w.org\/{rel}","templated":true}]}}