{"id":2092,"date":"2023-06-26T08:04:00","date_gmt":"2023-06-26T06:04:00","guid":{"rendered":"https:\/\/kastela.hr\/en\/2023\/06\/26\/ljetni-knjizevni-izazov-gkk-2023-citaj-knjige-i-osvoji-diplomu-i-nagradu\/"},"modified":"2024-08-29T10:47:35","modified_gmt":"2024-08-29T08:47:35","slug":"ljetni-knjizevni-izazov-gkk-2023-citaj-knjige-i-osvoji-diplomu-i-nagradu","status":"publish","type":"post","link":"https:\/\/kastela.hr\/en\/2023\/06\/26\/ljetni-knjizevni-izazov-gkk-2023-citaj-knjige-i-osvoji-diplomu-i-nagradu\/","title":{"rendered":"Ljetni knji\u017eevni izazov GKK 2023. \u2013 \u010ditaj knjige i osvoji diplomu i nagradu"},"content":{"rendered":"<p style=\"margin-bottom:24px\">Gradska knji\u017enica Ka\u0161tela ovo ljeto po deseti put provodi program poticanja \u010ditanja tijekom ljeta pod naslovom&nbsp;<em>Ljetni&nbsp;knji\u017eevni&nbsp;izazov&nbsp;&ndash; \u010ditaj knjige i osvoji nagradu<\/em>. Ka\u0161telanska knji\u017enica ljetno natjecanje u \u010ditanju uspje\u0161no provodi od 2014. godine, a u&nbsp;<em>Ljetni&nbsp;knji\u017eevni&nbsp;izazov<\/em>&nbsp;se svakog ljeta uklju\u010duje sve ve\u0107i broj djece s podru\u010dja Ka\u0161tela, ali i sve ve\u0107i broj djece koja u Ka\u0161telima ljetuju.<\/p>\n<p style=\"margin-bottom:24px\"><span style=\"box-sizing:border-box\">U&nbsp;<em>Ljetnom knji\u017eevnom izazovu<\/em>&nbsp;mogu sudjelovati pred\u0161kolci, osnovno\u0161kolci i srednjo\u0161kolci koji su u\u010dlanjeni u Gradsku knji\u017enicu Ka\u0161tela. Svi oni mogu do\u0107i u najbli\u017ei odjel GKK sami ili s roditeljima, gdje \u0107e ih knji\u017eni\u010darke upisati kao ovogodi\u0161nje natjecatelje te \u0107e im dati prijavnicu, odnosno Dnevnik \u010ditanja u kojemu \u0107e biti upisani svi naslovi koje su posudili i pro\u010ditali tijekom ljeta. Po povratku knjige u knji\u017eni\u010dni odjel natjecatelji \u0107e u Dnevnik \u010ditanja napisati kratak osvrt, a to isto mo\u0107i \u0107e u\u010diniti (ako to \u017eele) i u Facebook grupi&nbsp;<em>Ka\u0161telanko &ndash;&nbsp;knji\u017eevni&nbsp;klub za djecu i mlade,&nbsp;<\/em>gdje \u0107e jedni drugima preporu\u010divati knjige za \u010ditanje.<\/span><\/p>\n<p style=\"margin-bottom:24px\"><span style=\"box-sizing:border-box\"><em>Ljetni&nbsp;knji\u017eevni&nbsp;izazov&nbsp;GKK<\/em>&nbsp;trajat \u0107e od 26. lipnja do 2. rujna&nbsp;2023. g., a potom \u0107e svi oni koji su pro\u010ditali deset i vi\u0161e knjiga na zavr\u0161noj sve\u010danosti dobiti diplome\/priznanja, dok \u0107e po troje djece koji su pro\u010ditali najvi\u0161e knjiga u kategorijama &bdquo;pred\u0161kolci, vi\u0161i i ni\u017ei razredi osnovne \u0161kole i srednja \u0161kola&ldquo; dobiti priznanja\/diplome i nagrade koje \u0107e osigurati pokrovitelj&nbsp;<em>Ljetnog knji\u017eevnog izazova&nbsp;2023<\/em>.<\/span><\/p>\n<p style=\"margin-bottom:24px\"><span style=\"box-sizing:border-box\">Osnovni cilj&nbsp;<em>Ljetnog knji\u017eevnog izazova<\/em>&nbsp;GKK jest poticanje korisnika i \u010dlanova Knji\u017enice, i to posebno mla\u0111ih korisnika, na \u010ditanje tijekom ljeta.<\/span><\/p>\n<p style=\"margin-bottom:24px\"><span style=\"box-sizing:border-box\">Vi\u0161e informacija na 021 226 001.<\/span><\/p>\n","protected":false},"excerpt":{"rendered":"<p>Gradska knji\u017enica Ka\u0161tela ovo ljeto po deseti put provodi program poticanja \u010ditanja tijekom ljeta pod naslovom&nbsp;Ljetni&nbsp;knji\u017eevni&nbsp;izazov&nbsp;&ndash; \u010ditaj knjige i osvoji [&hellip;]<\/p>\n","protected":false},"author":7,"featured_media":2093,"comment_status":"closed","ping_status":"open","sticky":false,"template":"","format":"standard","meta":{"_acf_changed":false,"footnotes":""},"categories":[1],"tags":[],"class_list":["post-2092","post","type-post","status-publish","format-standard","has-post-thumbnail","hentry","category-novosti"],"acf":[],"_links":{"self":[{"href":"https:\/\/kastela.hr\/en\/wp-json\/wp\/v2\/posts\/2092","targetHints":{"allow":["GET"]}}],"collection":[{"href":"https:\/\/kastela.hr\/en\/wp-json\/wp\/v2\/posts"}],"about":[{"href":"https:\/\/kastela.hr\/en\/wp-json\/wp\/v2\/types\/post"}],"author":[{"embeddable":true,"href":"https:\/\/kastela.hr\/en\/wp-json\/wp\/v2\/users\/7"}],"replies":[{"embeddable":true,"href":"https:\/\/kastela.hr\/en\/wp-json\/wp\/v2\/comments?post=2092"}],"version-history":[{"count":1,"href":"https:\/\/kastela.hr\/en\/wp-json\/wp\/v2\/posts\/2092\/revisions"}],"predecessor-version":[{"id":3956,"href":"https:\/\/kastela.hr\/en\/wp-json\/wp\/v2\/posts\/2092\/revisions\/3956"}],"wp:featuredmedia":[{"embeddable":true,"href":"https:\/\/kastela.hr\/en\/wp-json\/wp\/v2\/media\/2093"}],"wp:attachment":[{"href":"https:\/\/kastela.hr\/en\/wp-json\/wp\/v2\/media?parent=2092"}],"wp:term":[{"taxonomy":"category","embeddable":true,"href":"https:\/\/kastela.hr\/en\/wp-json\/wp\/v2\/categories?post=2092"},{"taxonomy":"post_tag","embeddable":true,"href":"https:\/\/kastela.hr\/en\/wp-json\/wp\/v2\/tags?post=2092"}],"curies":[{"name":"wp","href":"https:\/\/api.w.org\/{rel}","templated":true}]}}