{"id":2084,"date":"2023-06-26T13:46:00","date_gmt":"2023-06-26T11:46:00","guid":{"rendered":"https:\/\/kastela.hr\/en\/2023\/06\/26\/kastela-kao-domacin-informativno-edukativnog-dogadanja-eu-fondovi-nove-prilike-2021-2027\/"},"modified":"2024-08-29T10:47:35","modified_gmt":"2024-08-29T08:47:35","slug":"kastela-kao-domacin-informativno-edukativnog-dogadanja-eu-fondovi-nove-prilike-2021-2027","status":"publish","type":"post","link":"https:\/\/kastela.hr\/en\/2023\/06\/26\/kastela-kao-domacin-informativno-edukativnog-dogadanja-eu-fondovi-nove-prilike-2021-2027\/","title":{"rendered":"Ka\u0161tela kao doma\u0107in informativno-edukativnog doga\u0111anja \u201eEU fondovi \u2013 Nove prilike 2021.-2027.\u201c"},"content":{"rendered":"<p><span style=\"font-weight:400; font-variant:normal; white-space:pre-wrap\"><span style=\"font-style:normal\">Danas je u Ka\u0161telima odr\u017eano deveto po redu informativno doga\u0111anje &bdquo;EU FONDOVI &ndash; Nove prilike 2021.-2027.&ldquo;, u organizaciji Ministarstva regionalnoga razvoja i fondova Europske unije (MRRFEU), na kojem su potencijalnim korisnicima s podru\u010dja Splitsko-dalmatinske \u017eupanije predstavljene mogu\u0107nosti EU sufinanciranja projekata u aktualnom financijskom razdoblju.<\/span><\/span><\/p>\n<p style=\"text-align:justify; margin-bottom:11px\"><span style=\"font-weight:400; font-variant:normal; white-space:pre-wrap\"><span style=\"font-style:normal\">Informativno-edukativno doga\u0111anje otvorili su ministar regionalnoga razvoja i fondova Europske unije<\/span><\/span><span style=\"font-weight:700; font-variant:normal; white-space:pre-wrap\"><span style=\"font-style:normal\"> \u0160ime Erli\u0107<\/span><\/span><span style=\"font-weight:400; font-variant:normal; white-space:pre-wrap\"><span style=\"font-style:normal\">, \u017eupan Splitsko-dalmatinske \u017eupanije <\/span><\/span><span style=\"font-weight:700; font-variant:normal; white-space:pre-wrap\"><span style=\"font-style:normal\">Bla\u017eenko Boban<\/span><\/span><span style=\"font-weight:400; font-variant:normal; white-space:pre-wrap\"><span style=\"font-style:normal\"> te gradona\u010delnik grada Ka\u0161tela <\/span><\/span><span style=\"font-weight:700; font-variant:normal; white-space:pre-wrap\"><span style=\"font-style:normal\">Denis Ivanovi\u0107<\/span><\/span><span style=\"font-weight:400; font-variant:normal; white-space:pre-wrap\"><span style=\"font-style:normal\">.&nbsp;<\/span><\/span><\/p>\n<p style=\"text-align:justify; margin-bottom:11px\"><span style=\"font-weight:400; font-variant:normal; white-space:pre-wrap\"><span style=\"font-style:normal\">&bdquo;<\/span><\/span><span style=\"font-weight:400; font-variant:normal; white-space:pre-wrap\"><span style=\"font-style:italic\">Grad Ka\u0161tela je u prethodnom prora\u010dunskom razdoblju realizirao vi\u0161e od 18 milijuna eura sredstava iz fondova Europske unije te smo tim sredstvima ostvarili veliki broj projekata na podru\u010dju na\u0161eg grada<\/span><\/span><span style=\"font-weight:400; font-variant:normal; white-space:pre-wrap\"><span style=\"font-style:normal\">&ldquo; &ndash; kazao je gradona\u010delnik Ka\u0161tela <\/span><\/span><span style=\"font-weight:700; font-variant:normal; white-space:pre-wrap\"><span style=\"font-style:normal\">Denis Ivanovi\u0107.<\/span><\/span><\/p>\n<p style=\"text-align:justify; margin-bottom:11px\"><span style=\"font-weight:400; font-variant:normal; white-space:pre-wrap\"><span style=\"font-style:normal\">\u017dupan<\/span><\/span><span style=\"font-weight:700; font-variant:normal; white-space:pre-wrap\"><span style=\"font-style:normal\"> Bla\u017eenko Boban<\/span><\/span><span style=\"font-weight:400; font-variant:normal; white-space:pre-wrap\"><span style=\"font-style:normal\"> je istaknuo va\u017enost kori\u0161tenja sredstava EU fondova, posebice jer &bdquo;<\/span><\/span><span style=\"font-weight:400; font-variant:normal; white-space:pre-wrap\"><span style=\"font-style:italic\">Zahvaljuju\u0107i apliciranju na iste, za vrijeme mandata gradona\u010delnika Denisa Ivanovi\u0107a, rije\u0161ena je infrastruktura, kanalizacijska mre\u017ea, vodoopskrba u gornjem dijelu Ka\u0161tela<\/span><\/span><span style=\"font-weight:400; font-variant:normal; white-space:pre-wrap\"><span style=\"font-style:normal\">&ldquo;,&nbsp; poru\u010dio je Boban.<\/span><\/span><\/p>\n<p style=\"text-align:justify; margin-bottom:11px\"><span style=\"font-weight:400; font-variant:normal; white-space:pre-wrap\"><span style=\"font-style:italic\">&bdquo;Na podru\u010dju Splitsko-dalmatinske \u017eupanije realiziraju se projekti vrijedni vi\u0161e milijuna eura. EU fondovi su klju\u010dno pogonsko gorivo razvoja Hrvatske u posljednjih deset godina. BDP nam je 5% ve\u0107i zahvaljuju\u0107i EU fondovima, a vi\u0161e od 70% svih javnih investicija u Hrvatskoj financira se iz EU fondova. Vidljivo smanjujemo razvojni jaz za prosjekom Europske unije<\/span><\/span><span style=\"font-weight:400; font-variant:normal; white-space:pre-wrap\"><span style=\"font-style:normal\">&ldquo;, Istaknuo je ministar <\/span><\/span><span style=\"font-weight:700; font-variant:normal; white-space:pre-wrap\"><span style=\"font-style:normal\">\u0160ime Erli\u0107<\/span><\/span><span style=\"font-weight:400; font-variant:normal; white-space:pre-wrap\"><span style=\"font-style:normal\">. Dodao je da ne postoji dio Hrvatske u kojem se nije realizirao EU projekt te da je Hrvatska jedna od najuspje\u0161nijih \u010dlanica EU u provo\u0111enju kohezijske politike.<\/span><\/span><\/p>\n<p style=\"text-align:justify; margin-bottom:11px\"><span style=\"font-weight:400; font-variant:normal; white-space:pre-wrap\"><span style=\"font-style:normal\">&bdquo;<\/span><\/span><span style=\"font-weight:400; font-variant:normal; white-space:pre-wrap\"><span style=\"font-style:italic\">Cilj nam je da u idu\u0107ih desetak godina u potpunosti uhvatimo priklju\u010dak za razvijenijim \u010dlanicama EU. Pred nama je prilika generacije jer raspola\u017eemo velikim novcem kojeg vi\u0161e nikad vjerojatno ne\u0107emo imati u tolikoj koli\u010dini. Gotovo 4 milijarde eura na raspolaganju nam je za projekte digitalne i zelene tranzicije. Dobili smo znatan novac za otoke, potpomognuta podru\u010dja i gradove. Zato moramo svi zajedno sura\u0111ivati na pripremi projekata kako bi u \u0161to kra\u0107em roku Hrvatsku u\u010dinili boljim mjestom za \u017eivot gra\u0111ana<\/span><\/span><span style=\"font-weight:400; font-variant:normal; white-space:pre-wrap\"><span style=\"font-style:normal\">&ldquo;, zaklju\u010dio je <\/span><\/span><span style=\"font-weight:700; font-variant:normal; white-space:pre-wrap\"><span style=\"font-style:normal\">Erli\u0107<\/span><\/span><span style=\"font-weight:400; font-variant:normal; white-space:pre-wrap\"><span style=\"font-style:normal\">.<\/span><\/span><\/p>\n<p style=\"text-align:justify; margin-bottom:11px\"><span style=\"font-weight:400; font-variant:normal; white-space:pre-wrap\"><span style=\"font-style:normal\">Tijekom doga\u0111anja uzvanicima su se predstavile aktualne mogu\u0107nosti financiranja razvojnih projekata u okviru programa Konkurentnost i kohezija 2021.-2027. (PKK), koji je vrijedan 5,203 milijardi eura i Integriranog teritorijalnog programa 2021.-2027. (ITP), koji je vrijedan 1,569 milijardi eura. Ujedno je bilo rije\u010di i o industrijskoj tranziciji, financijskim instrumentima, ITU Mehanizmu i ITU Splitu, urbanome razvoju, otocima, programa prekograni\u010dne suradnje Hrvatska &#8211; Bosna i Hercegovina &#8211; Crna Gora, mogu\u0107nostima sufinanciranja projekata te iskustvima dosada\u0161njeg kori\u0161tenja sredstava iz EU fondova. Na panel raspravi su predstavnici Splitsko-dalmatinske \u017eupanije, Grada Ka\u0161tela, Javne ustanove RERA S.D. za koordinaciju i razvoj Splitsko-dalmatinske \u017eupanije te Ministarstva regionalnoga razvoja i fondova Europske unije predstavili iskustva kori\u0161tenja fondova Europske unije na lokalnoj razini i pripremu za kori\u0161tenje sredstava u novom programskom razdoblju.<\/span><\/span><\/p>\n<p style=\"text-align:justify; margin-bottom:11px\"><span style=\"font-weight:400; font-variant:normal; white-space:pre-wrap\"><span style=\"font-style:normal\">Informativna doga\u0111anja &bdquo;EU FONDOVI &#8211; Nove prilike 2021.-2027.&ldquo; namijenjena su predstavnicima jedinica lokalne i regionalne samouprave, predstavnicima regionalnih i lokalnih razvojnih agencija, korisnicima i potencijalnim korisnicima sredstava iz EU fondova te dionicima regionalnog i lokalnog razvoja.&nbsp;<\/span><\/span><\/p>\n<p>&nbsp;<\/p>\n","protected":false},"excerpt":{"rendered":"<p>Danas je u Ka\u0161telima odr\u017eano deveto po redu informativno doga\u0111anje &bdquo;EU FONDOVI &ndash; Nove prilike 2021.-2027.&ldquo;, u organizaciji Ministarstva regionalnoga [&hellip;]<\/p>\n","protected":false},"author":7,"featured_media":2085,"comment_status":"closed","ping_status":"open","sticky":false,"template":"","format":"standard","meta":{"_acf_changed":false,"footnotes":""},"categories":[1],"tags":[],"class_list":["post-2084","post","type-post","status-publish","format-standard","has-post-thumbnail","hentry","category-novosti"],"acf":[],"_links":{"self":[{"href":"https:\/\/kastela.hr\/en\/wp-json\/wp\/v2\/posts\/2084","targetHints":{"allow":["GET"]}}],"collection":[{"href":"https:\/\/kastela.hr\/en\/wp-json\/wp\/v2\/posts"}],"about":[{"href":"https:\/\/kastela.hr\/en\/wp-json\/wp\/v2\/types\/post"}],"author":[{"embeddable":true,"href":"https:\/\/kastela.hr\/en\/wp-json\/wp\/v2\/users\/7"}],"replies":[{"embeddable":true,"href":"https:\/\/kastela.hr\/en\/wp-json\/wp\/v2\/comments?post=2084"}],"version-history":[{"count":1,"href":"https:\/\/kastela.hr\/en\/wp-json\/wp\/v2\/posts\/2084\/revisions"}],"predecessor-version":[{"id":3955,"href":"https:\/\/kastela.hr\/en\/wp-json\/wp\/v2\/posts\/2084\/revisions\/3955"}],"wp:featuredmedia":[{"embeddable":true,"href":"https:\/\/kastela.hr\/en\/wp-json\/wp\/v2\/media\/2085"}],"wp:attachment":[{"href":"https:\/\/kastela.hr\/en\/wp-json\/wp\/v2\/media?parent=2084"}],"wp:term":[{"taxonomy":"category","embeddable":true,"href":"https:\/\/kastela.hr\/en\/wp-json\/wp\/v2\/categories?post=2084"},{"taxonomy":"post_tag","embeddable":true,"href":"https:\/\/kastela.hr\/en\/wp-json\/wp\/v2\/tags?post=2084"}],"curies":[{"name":"wp","href":"https:\/\/api.w.org\/{rel}","templated":true}]}}