{"id":2069,"date":"2023-06-27T10:50:00","date_gmt":"2023-06-27T08:50:00","guid":{"rendered":"https:\/\/kastela.hr\/en\/2023\/06\/27\/predstavljen-program-kastelanskog-kulturnog-i-zabavnog-ljeta-2023\/"},"modified":"2024-08-29T10:47:35","modified_gmt":"2024-08-29T08:47:35","slug":"predstavljen-program-kastelanskog-kulturnog-i-zabavnog-ljeta-2023","status":"publish","type":"post","link":"https:\/\/kastela.hr\/en\/2023\/06\/27\/predstavljen-program-kastelanskog-kulturnog-i-zabavnog-ljeta-2023\/","title":{"rendered":"Predstavljen program Ka\u0161telanskog kulturnog i zabavnog ljeta 2023."},"content":{"rendered":"<p style=\"text-align:justify; margin-bottom:11px\">Razli\u010dita doga\u0111anja obilje\u017eit \u0107e ovogodi\u0161nje Ka\u0161telansko kulturno i zabavno ljeto. Program ove manifestacije u organizaciji Grada Ka\u0161tela, Turisti\u010dke zajednice Ka\u0161tela, gradskih ustanova i udruga predstavljen je u dvorcu Vitturi u Ka\u0161tel Luk\u0161i\u0107u, a dobre zabave u cijelom gradu ne\u0107e nedostajati sve do rujna.<\/p>\n<p style=\"text-align:justify; margin-bottom:11px\">Sve\u010danost otvaranja kulturnog i zabavnog ljeta zapo\u010dinje 30. lipnja s po\u010detkom u 20.30 sati na Brcu u Ka\u0161tel Novome koncertnim programom&nbsp;Hrvatskog pjeva\u010dkog dru\u0161tva Bija\u0107ka vila i njihovih gostiju povodom proslave 120. obljetnice osnivanja dru\u0161tva. Sve\u010dano zatvaranje manifestacije odr\u017eati \u0107e se 2. rujna s po\u010detkom u 20.30 sati na Brcu u Ka\u0161tel Starome, a u programu \u0107e nastupiti Marko Kutli\u0107 i Stjepan Lach.<\/p>\n<p style=\"text-align:justify; margin-bottom:11px\"><em><span style=\"background:white\">&bdquo;Ove godine imamo bogat program s&nbsp;vi\u0161e od 72 doga\u0111anja. Tijekom dva mjeseca kulturnih i zabavnih doga\u0111anja, Ka\u0161telani i njihovi gosti mo\u0107i \u0107e u\u017eivati u koncertima, klapskim ve\u010derima,<\/span><\/em><em>&nbsp;dje\u010djim predstavama i igrokazima, kazali\u0161nim komedijama, dramskim izvedbama, plesovima, izlo\u017ebama te ribarskim ve\u010derima&ldquo; <\/em>&nbsp;&ndash; kazala je zamjenica gradona\u010delnika&nbsp;<strong>Jadranka Matok Bosan\u010di\u0107&nbsp;<\/strong>koja je, uz pro\u010delnicu Upravnog odjela za dru\u0161tvene djelatnosti&nbsp; <b>Antoniu Kljai\u0107<\/b>, direktoricu TZ Ka\u0161tela&nbsp;<strong>Nadu Mar\u0161i\u0107<\/strong>&nbsp;i&nbsp;<strong>Marijanu Vulas<\/strong>, koordinatoricu Dana Miljenka i Dobrile, predstavila program kulturnog i zabavnog ljeta.<\/p>\n<p style=\"text-align:justify; margin-bottom:11px\">Festival Ve\u010deri dalmatinske pisme ovog ljeta obilje\u017eava 25 godina svog djelovanja pa \u0107e tim povodom u Ka\u0161tel Kambelovcu, u okviru prve ve\u010deri, 22. srpnja, biti odr\u017ean koncert Tomislava Brali\u0107a i klape Intrade, a dan nakon odr\u017eat \u0107e se ve\u010der novih &nbsp;skladbi pod nazivom &bdquo;Ka\u0161telanski \u0111ir&ldquo;.<\/p>\n<p style=\"text-align:justify; margin-bottom:11px\">Brend kojim se ponosimo su Legenda o Miljenku i Dobrili, a ove godine u sklopu njihove ve\u010deri, 1. kolovoza, imat \u0107emo priliku vidjeti kazali\u0161nu predstavu pod istim nazivom &ndash; &bdquo;Legenda o Miljenku i Dobrili&ldquo;, a 3. kolovoza &bdquo;Romanca o tri ljubavi&ldquo;. Slijede filmske ve\u010deri u dvorcu Ru\u0161inac u Ka\u0161tel Luk\u0161i\u0107u pod nazivom &bdquo;Romantika pod zvijezdama&ldquo; te za kraj ovog dijela doga\u0111anja, Dobriline glazbene ve\u010deri u izvedbi Petre Peri\u0161i\u0107, Gine Damjanovi\u0107 i Zsa Zse uz Gee Gees band.<\/p>\n<p style=\"text-align:justify; margin-bottom:11px\">Uvod u proslavu Dana pobjede, domovinske zahvalnosti i Dana hrvatskih branitelja biti \u0107e 2. kolovoza uz koncert jazz orkestra hrvatske vojske i klape HRM -a. Na sami dan proslave Dana pobjede, 4. kolovoza na portu u Ka\u0161tel Starome u organizaciji HVIDRE Ka\u0161tela odr\u017eat \u0107e se koncert grupe Dreamers.<\/p>\n<p style=\"text-align:justify; margin-bottom:11px\"><i>&bdquo;I ove godine na programu \u0107e se na\u0107i ve\u0107 tradicionalne manifestacije poput Glazbenih ve\u010deri kod sv. Jeronima, dance show u izvedbi plesnog kluba Lolita, Ve\u010der ka\u0161telanskih glendi i batudi, Festival \u0161alse i salse, kao i tradicionalni folklorni programi poput &bdquo;Za jubav tanca\u0161e&ldquo; i &bdquo;Mise\u010dina prosula se kalom&ldquo;<\/i>. &ndash; kazala je pro\u010delnica Upravnog odjela za dru\u0161tvene djelatnosti i zajedni\u010dke poslove <b>Antonia Kljai\u0107<\/b>, te dodala: <i>&bdquo;Vjerujem da je ovo predstavljanje dobar uvod u jo\u0161 jedno kulturni i zabavno ljeto ispunjeno brojnim doga\u0111anjima doma\u0107ih i gostuju\u0107ih umjetnika i skupina, te da \u0107e privu\u0107i brojne doma\u0107e i strane posjetitelje.&ldquo;<\/i><\/p>\n<p style=\"text-align:justify; margin-bottom:11px\">Sva doga\u0111anja Ka\u0161telanskog kulturnog i zabavnog ljeta 2023. mo\u017eete preuzeti u dokumentu ispod teksta i za posjetitelje su besplatna, a Grad Ka\u0161tela zadr\u017eava pravo izmjene programa te \u0107e svaku izmjenu oglasiti na svojim slu\u017ebenim stranicama&nbsp;<a href=\"https:\/\/www.kastela.hr\/\">www.kastela.hr<\/a> .<\/p>\n<p style=\"margin-bottom:11px\">Digitalnu bro\u0161uru Visit Ka\u0161tela 2023. mo\u017eete preuzeti u prilogu.<\/p>\n","protected":false},"excerpt":{"rendered":"<p>Razli\u010dita doga\u0111anja obilje\u017eit \u0107e ovogodi\u0161nje Ka\u0161telansko kulturno i zabavno ljeto. Program ove manifestacije u organizaciji Grada Ka\u0161tela, Turisti\u010dke zajednice Ka\u0161tela, [&hellip;]<\/p>\n","protected":false},"author":7,"featured_media":2070,"comment_status":"closed","ping_status":"open","sticky":false,"template":"","format":"standard","meta":{"_acf_changed":false,"footnotes":""},"categories":[1],"tags":[],"class_list":["post-2069","post","type-post","status-publish","format-standard","has-post-thumbnail","hentry","category-novosti"],"acf":[],"_links":{"self":[{"href":"https:\/\/kastela.hr\/en\/wp-json\/wp\/v2\/posts\/2069","targetHints":{"allow":["GET"]}}],"collection":[{"href":"https:\/\/kastela.hr\/en\/wp-json\/wp\/v2\/posts"}],"about":[{"href":"https:\/\/kastela.hr\/en\/wp-json\/wp\/v2\/types\/post"}],"author":[{"embeddable":true,"href":"https:\/\/kastela.hr\/en\/wp-json\/wp\/v2\/users\/7"}],"replies":[{"embeddable":true,"href":"https:\/\/kastela.hr\/en\/wp-json\/wp\/v2\/comments?post=2069"}],"version-history":[{"count":1,"href":"https:\/\/kastela.hr\/en\/wp-json\/wp\/v2\/posts\/2069\/revisions"}],"predecessor-version":[{"id":3954,"href":"https:\/\/kastela.hr\/en\/wp-json\/wp\/v2\/posts\/2069\/revisions\/3954"}],"wp:featuredmedia":[{"embeddable":true,"href":"https:\/\/kastela.hr\/en\/wp-json\/wp\/v2\/media\/2070"}],"wp:attachment":[{"href":"https:\/\/kastela.hr\/en\/wp-json\/wp\/v2\/media?parent=2069"}],"wp:term":[{"taxonomy":"category","embeddable":true,"href":"https:\/\/kastela.hr\/en\/wp-json\/wp\/v2\/categories?post=2069"},{"taxonomy":"post_tag","embeddable":true,"href":"https:\/\/kastela.hr\/en\/wp-json\/wp\/v2\/tags?post=2069"}],"curies":[{"name":"wp","href":"https:\/\/api.w.org\/{rel}","templated":true}]}}