{"id":2054,"date":"2023-06-28T10:58:00","date_gmt":"2023-06-28T08:58:00","guid":{"rendered":"https:\/\/kastela.hr\/en\/2023\/06\/28\/samouka-umjetnica-naive-gospoda-ana-novak-poklonila-gradu-svoja-umjetnicka-djela\/"},"modified":"2024-08-29T10:47:35","modified_gmt":"2024-08-29T08:47:35","slug":"samouka-umjetnica-naive-gospoda-ana-novak-poklonila-gradu-svoja-umjetnicka-djela","status":"publish","type":"post","link":"https:\/\/kastela.hr\/en\/2023\/06\/28\/samouka-umjetnica-naive-gospoda-ana-novak-poklonila-gradu-svoja-umjetnicka-djela\/","title":{"rendered":"Samouka umjetnica naive gospo\u0111a Ana Novak poklonila Gradu svoja umjetni\u010dka djela"},"content":{"rendered":"<p style=\"text-align:justify; text-indent:35.4pt; margin-bottom:11px\">Na inicijativu gospo\u0111e Ane Novak sa \u017eeljom da svoja umjetni\u010dka djela pokloni Gradu uprili\u010den je prijem na kojem su uz pratnju gospo\u0111e Ane sudjelovale zamjenica gradona\u010delnika <b>Jadranka Matok &ndash; Bosan\u010di\u0107<\/b>, pro\u010delnica Upravnog odjela za poslove gradona\u010delnika i stru\u010dne poslove <b>Ivana Modri\u0107<\/b> i pro\u010delnica Upravnog odjela za dru\u0161tvene djelatnosti i zajedni\u010dke poslove <b>Antonia Kljai\u0107<\/b> te su zahvalile na ovako vrijednom poklonu koji nam pru\u017ea&nbsp; kako iz ljubavi prema svom rodnom gradu tako i prema svom talentu. Zadu\u017eila je Grad da se ova umjetni\u010dka djela \u010duvaju s posebnom pa\u017enjom.<\/p>\n<p style=\"text-align:justify; text-indent:35.4pt; margin-bottom:11px\">Gospo\u0111a Ana ima 88 godina, a s umjetno\u0161\u0107u se po\u010dela baviti u dobi od 72 godine. Predstavnici ovog smjera umjetnosti su \u010desto talenti bez akademske naobrazbe \u0161to i protagonistica ove pri\u010de potvr\u0111uje. Samouka je umjetnica koja izra\u0111uje skulpture i reljefne slike od glinamola obojene temperom. Osoba je iznimnog duha i velikodu\u0161nosti te neporecivog talenta.<\/p>\n<p style=\"text-align:justify; text-indent:35.4pt; margin-bottom:11px\">Uz zahvalu, gospo\u0111i Ani \u017eelimo obilje zdravlja i da stvara i u\u017eiva u svom talentu jo\u0161 dugi niz godina!<\/p>\n","protected":false},"excerpt":{"rendered":"<p>Na inicijativu gospo\u0111e Ane Novak sa \u017eeljom da svoja umjetni\u010dka djela pokloni Gradu uprili\u010den je prijem na kojem su uz [&hellip;]<\/p>\n","protected":false},"author":7,"featured_media":2055,"comment_status":"closed","ping_status":"open","sticky":false,"template":"","format":"standard","meta":{"_acf_changed":false,"footnotes":""},"categories":[1],"tags":[],"class_list":["post-2054","post","type-post","status-publish","format-standard","has-post-thumbnail","hentry","category-novosti"],"acf":[],"_links":{"self":[{"href":"https:\/\/kastela.hr\/en\/wp-json\/wp\/v2\/posts\/2054","targetHints":{"allow":["GET"]}}],"collection":[{"href":"https:\/\/kastela.hr\/en\/wp-json\/wp\/v2\/posts"}],"about":[{"href":"https:\/\/kastela.hr\/en\/wp-json\/wp\/v2\/types\/post"}],"author":[{"embeddable":true,"href":"https:\/\/kastela.hr\/en\/wp-json\/wp\/v2\/users\/7"}],"replies":[{"embeddable":true,"href":"https:\/\/kastela.hr\/en\/wp-json\/wp\/v2\/comments?post=2054"}],"version-history":[{"count":1,"href":"https:\/\/kastela.hr\/en\/wp-json\/wp\/v2\/posts\/2054\/revisions"}],"predecessor-version":[{"id":3953,"href":"https:\/\/kastela.hr\/en\/wp-json\/wp\/v2\/posts\/2054\/revisions\/3953"}],"wp:featuredmedia":[{"embeddable":true,"href":"https:\/\/kastela.hr\/en\/wp-json\/wp\/v2\/media\/2055"}],"wp:attachment":[{"href":"https:\/\/kastela.hr\/en\/wp-json\/wp\/v2\/media?parent=2054"}],"wp:term":[{"taxonomy":"category","embeddable":true,"href":"https:\/\/kastela.hr\/en\/wp-json\/wp\/v2\/categories?post=2054"},{"taxonomy":"post_tag","embeddable":true,"href":"https:\/\/kastela.hr\/en\/wp-json\/wp\/v2\/tags?post=2054"}],"curies":[{"name":"wp","href":"https:\/\/api.w.org\/{rel}","templated":true}]}}