{"id":2051,"date":"2023-06-30T04:57:00","date_gmt":"2023-06-30T02:57:00","guid":{"rendered":"https:\/\/kastela.hr\/en\/2023\/06\/30\/svecano-otvaranje-25-kastelanskog-kulturnog-i-zabavnog-ljeta\/"},"modified":"2024-08-29T10:47:35","modified_gmt":"2024-08-29T08:47:35","slug":"svecano-otvaranje-25-kastelanskog-kulturnog-i-zabavnog-ljeta","status":"publish","type":"post","link":"https:\/\/kastela.hr\/en\/2023\/06\/30\/svecano-otvaranje-25-kastelanskog-kulturnog-i-zabavnog-ljeta\/","title":{"rendered":"Sve\u010dano otvaranje 25. Ka\u0161telanskog kulturnog i zabavnog ljeta"},"content":{"rendered":"<p style=\"margin-bottom:11px\">Pozivamo sve gra\u0111ane da nam se pridru\u017ee ve\u010deras, 30. lipnja, s po\u010detkom u 20.30 sati na brcu u Ka\u0161tel Novom na sve\u010danom otvorenju 25. Ka\u0161telanskog kulturnog i zabavnog ljeta. Otvorenje \u0107e po\u010deti koncertom HPD Bija\u0107ka vila i gostiju povodom 120. obljetnice osnivanja dru\u0161tva.<\/p>\n<p style=\"margin-bottom:11px\">Zatvaranje eko-etno sajma, u organizaciji Turisti\u010dke zajednice grada Ka\u0161tela, predvi\u0111eno je u subotu, 1. srpnja pa \u0107e s po\u010detkom u 17 sati na brcu u Ka\u0161tel Novom zapo\u010deti kulturno-gastronomska ve\u010der uz prigodni program HGD Zrinski i P\u0160D Srdela. Zatim, u 20 sati na rivi, mimohod svih sudionika te \u0107e se za kraj ve\u010deri, s po\u010detkom u 21 sati na brcu, odr\u017eati etno ve\u010der &ndash; \u017eupanijska smotra folklora.<\/p>\n<p style=\"margin-bottom:11px\">Nedjelja, 2. srpnja, je rezervirana &bdquo;Timbar&ldquo; i &bdquo;Zelenu fe\u0161tu&ldquo;. Radionice i humanitarni Pazar \u0107e se odr\u017eati Dudanovom parku u Ka\u0161tel Kambelovcu s po\u010detkom u 18 sati, a dramske izvedbe KUD-a Karol Wojtyla i Dje\u010djeg doma Maestral na istom mjestu s po\u010detkom u 20 sati. Ova doga\u0111anja su u organizaciji udruge Ku\u0107ica sretnog djetinjstva i KUD-a Karol Wojtyle.<\/p>\n<p style=\"margin-bottom:11px\">Sva doga\u0111anja su besplatna.<\/p>\n","protected":false},"excerpt":{"rendered":"<p>Pozivamo sve gra\u0111ane da nam se pridru\u017ee ve\u010deras, 30. lipnja, s po\u010detkom u 20.30 sati na brcu u Ka\u0161tel Novom [&hellip;]<\/p>\n","protected":false},"author":7,"featured_media":2052,"comment_status":"closed","ping_status":"open","sticky":false,"template":"","format":"standard","meta":{"_acf_changed":false,"footnotes":""},"categories":[1],"tags":[],"class_list":["post-2051","post","type-post","status-publish","format-standard","has-post-thumbnail","hentry","category-novosti"],"acf":[],"_links":{"self":[{"href":"https:\/\/kastela.hr\/en\/wp-json\/wp\/v2\/posts\/2051","targetHints":{"allow":["GET"]}}],"collection":[{"href":"https:\/\/kastela.hr\/en\/wp-json\/wp\/v2\/posts"}],"about":[{"href":"https:\/\/kastela.hr\/en\/wp-json\/wp\/v2\/types\/post"}],"author":[{"embeddable":true,"href":"https:\/\/kastela.hr\/en\/wp-json\/wp\/v2\/users\/7"}],"replies":[{"embeddable":true,"href":"https:\/\/kastela.hr\/en\/wp-json\/wp\/v2\/comments?post=2051"}],"version-history":[{"count":1,"href":"https:\/\/kastela.hr\/en\/wp-json\/wp\/v2\/posts\/2051\/revisions"}],"predecessor-version":[{"id":3952,"href":"https:\/\/kastela.hr\/en\/wp-json\/wp\/v2\/posts\/2051\/revisions\/3952"}],"wp:featuredmedia":[{"embeddable":true,"href":"https:\/\/kastela.hr\/en\/wp-json\/wp\/v2\/media\/2052"}],"wp:attachment":[{"href":"https:\/\/kastela.hr\/en\/wp-json\/wp\/v2\/media?parent=2051"}],"wp:term":[{"taxonomy":"category","embeddable":true,"href":"https:\/\/kastela.hr\/en\/wp-json\/wp\/v2\/categories?post=2051"},{"taxonomy":"post_tag","embeddable":true,"href":"https:\/\/kastela.hr\/en\/wp-json\/wp\/v2\/tags?post=2051"}],"curies":[{"name":"wp","href":"https:\/\/api.w.org\/{rel}","templated":true}]}}