{"id":2035,"date":"2023-06-30T21:37:00","date_gmt":"2023-06-30T19:37:00","guid":{"rendered":"https:\/\/kastela.hr\/en\/2023\/06\/30\/10-obljetnica-ulaska-hrvatske-u-eu\/"},"modified":"2024-08-29T10:47:34","modified_gmt":"2024-08-29T08:47:34","slug":"10-obljetnica-ulaska-hrvatske-u-eu","status":"publish","type":"post","link":"https:\/\/kastela.hr\/en\/2023\/06\/30\/10-obljetnica-ulaska-hrvatske-u-eu\/","title":{"rendered":"10. obljetnica ulaska Hrvatske u EU"},"content":{"rendered":"<p style=\"margin-bottom:11px\"><span lang=\"HR\" style=\"background:white\">Hrvatska kao najmla\u0111a \u010dlanica Europske unije, u svojih prvih deset godina \u010dlanstva realizirala je dva strate\u0161ka cilja dublje EU integracije &ndash; kao jedina zemlja u povijesti istog dana je pristupila u Schengenski prostor i europodru\u010dje.<\/span><\/p>\n<p style=\"margin-bottom:11px\"><span lang=\"HR\" style=\"background:white\">Hrvatska je ulaskom u EU postala dio obitelji koju \u010dini 27 dr\u017eava Europe i koja broji preko 400 milijuna ljudi. To je ogromna prilika za investicije, ulaganje, poslovne uspjehe . <\/span><\/p>\n<p style=\"margin-bottom:11px\"><span lang=\"HR\" style=\"background:white\">Fondovi EU omogu\u0107uju nam da realiziramo niz zna\u010dajnih projekata koji \u0107e omogu\u0107iti bolju kvalitetu \u017eivota gra\u0111anima ali i omogu\u0107iti infrastrukturne projekte koji \u0107e dovesti do novih ulaganja i otvaranja radnih mjesta .<\/span><\/p>\n<p class=\"x\" style=\"margin-bottom:25px\"><span style=\"background:white\"><span style=\"vertical-align:baseline\">Tijekom desetlje\u0107a kori\u0161tenja EU fondova u Ka\u0161telima, realizirani su brojni projekti i ostvareni&nbsp;&nbsp;zna\u010dajni uspjesi, od kojih se posebno isti\u010du ure\u0111enje Ville Nika, pla\u017ea Glavica, Dudanov park, Biraj biciklu, Razvojna agencija kao poduzetni\u010dka potporna institucija, spremnici za odvojeno prikupljanje otpada, polupodzemni spremnici, vrtni komposteri, \u0161irokopojasni internet, projekti za\u017eeli te <span lang=\"HR\" style=\"background:white\">\u0161irenje usluga izvaninstitucionalne skrbi.<\/span><\/span><\/span><\/p>\n<p class=\"x\" style=\"margin-bottom:25px\"><span style=\"background:white\"><span style=\"vertical-align:baseline\">Navedeni projekti i uspjesi u povla\u010denju sredstava iz fondova EU ve\u0107 godinama pozicioniraju Ka\u0161tela u sam vrh najuspje\u0161nijih gradova u Hrvatskoj. EU fondovi u\u010dinili su na\u0161a Ka\u0161tela boljim i atraktivnijim mjestom za \u017eivot i rad, a u novoj financijskoj perspektivi o\u010dekuje nas razdoblje jo\u0161 zna\u010dajnijeg rasta i razvoja.<\/span><\/span><\/p>\n","protected":false},"excerpt":{"rendered":"<p>Hrvatska kao najmla\u0111a \u010dlanica Europske unije, u svojih prvih deset godina \u010dlanstva realizirala je dva strate\u0161ka cilja dublje EU integracije [&hellip;]<\/p>\n","protected":false},"author":7,"featured_media":2036,"comment_status":"closed","ping_status":"open","sticky":false,"template":"","format":"standard","meta":{"_acf_changed":false,"footnotes":""},"categories":[1],"tags":[],"class_list":["post-2035","post","type-post","status-publish","format-standard","has-post-thumbnail","hentry","category-novosti"],"acf":[],"_links":{"self":[{"href":"https:\/\/kastela.hr\/en\/wp-json\/wp\/v2\/posts\/2035","targetHints":{"allow":["GET"]}}],"collection":[{"href":"https:\/\/kastela.hr\/en\/wp-json\/wp\/v2\/posts"}],"about":[{"href":"https:\/\/kastela.hr\/en\/wp-json\/wp\/v2\/types\/post"}],"author":[{"embeddable":true,"href":"https:\/\/kastela.hr\/en\/wp-json\/wp\/v2\/users\/7"}],"replies":[{"embeddable":true,"href":"https:\/\/kastela.hr\/en\/wp-json\/wp\/v2\/comments?post=2035"}],"version-history":[{"count":1,"href":"https:\/\/kastela.hr\/en\/wp-json\/wp\/v2\/posts\/2035\/revisions"}],"predecessor-version":[{"id":3950,"href":"https:\/\/kastela.hr\/en\/wp-json\/wp\/v2\/posts\/2035\/revisions\/3950"}],"wp:featuredmedia":[{"embeddable":true,"href":"https:\/\/kastela.hr\/en\/wp-json\/wp\/v2\/media\/2036"}],"wp:attachment":[{"href":"https:\/\/kastela.hr\/en\/wp-json\/wp\/v2\/media?parent=2035"}],"wp:term":[{"taxonomy":"category","embeddable":true,"href":"https:\/\/kastela.hr\/en\/wp-json\/wp\/v2\/categories?post=2035"},{"taxonomy":"post_tag","embeddable":true,"href":"https:\/\/kastela.hr\/en\/wp-json\/wp\/v2\/tags?post=2035"}],"curies":[{"name":"wp","href":"https:\/\/api.w.org\/{rel}","templated":true}]}}