{"id":2012,"date":"2023-06-30T23:03:00","date_gmt":"2023-06-30T21:03:00","guid":{"rendered":"https:\/\/kastela.hr\/en\/2023\/06\/30\/koncertom-hpd-bijacka-vila-svecano-otvoreno-25-kastelansko-kulturno-i-zabavno-ljeto\/"},"modified":"2024-08-29T10:47:34","modified_gmt":"2024-08-29T08:47:34","slug":"koncertom-hpd-bijacka-vila-svecano-otvoreno-25-kastelansko-kulturno-i-zabavno-ljeto","status":"publish","type":"post","link":"https:\/\/kastela.hr\/en\/2023\/06\/30\/koncertom-hpd-bijacka-vila-svecano-otvoreno-25-kastelansko-kulturno-i-zabavno-ljeto\/","title":{"rendered":"Koncertom HPD Bija\u0107ka vila sve\u010dano otvoreno 25. Ka\u0161telansko kulturno i zabavno ljeto"},"content":{"rendered":"<p><span style=\"font-weight:400; font-variant:normal; white-space:pre-wrap\"><span style=\"font-style:normal\">Koncertom HPD Bija\u0107ka vila i njihovih gostiju, sve\u010dano je otvoreno 25. Ka\u0161telansko&nbsp;kulturno i zabavno&nbsp;ljeto&nbsp;koje ove godine broji sedamdesetak doga\u0111anja.<\/span><\/span><\/p>\n<p style=\"padding:0pt 0pt 12pt 0pt\"><span style=\"font-weight:400; font-variant:normal; white-space:pre-wrap\"><span style=\"font-style:normal\">Otvaranje je zapo\u010delo himnom Republike Hrvatske u izvedbi HPD Bija\u0107ka vila, a nakon \u010dega su izveli i himnu Ka\u0161tela, &#39;&#39;Ka\u0161tela grade moj&#39;&#39;, na \u010delu s dirigentom <\/span><\/span><span style=\"font-weight:700; font-variant:normal; white-space:pre-wrap\"><span style=\"font-style:normal\">Androm \u010calom<\/span><\/span><span style=\"font-weight:400; font-variant:normal; white-space:pre-wrap\"><span style=\"font-style:normal\">.<\/span><\/span><\/p>\n<p style=\"padding:0pt 0pt 12pt 0pt\"><span style=\"font-weight:400; font-variant:normal; white-space:pre-wrap\"><span style=\"font-style:normal\"><img decoding=\"async\" alt=\"\" src=\"\/Portals\/0\/DSC_0039.jpg\" style=\"width: 500px; height: 333px;\" title=\"\" \/><\/span><\/span><\/p>\n<pre style=\"padding: 0pt 0pt 12pt;\">\n<span style=\"font-weight:400; font-variant:normal; white-space:pre-wrap\"><span style=\"font-style:normal\">Andro \u010cale, dirigent<\/span><\/span><\/pre>\n<p style=\"padding:0pt 0pt 12pt 0pt\"><span style=\"font-weight:400; font-variant:normal; white-space:pre-wrap\"><span style=\"font-style:normal\">Dobrodo\u0161licu u ime Grada Ka\u0161tela i gradona\u010delnika Denisa Ivanovi\u0107a po\u017eeljela je dogradona\u010delnica<strong> Jadranka Matok &#8211; Bosan\u010di\u0107<\/strong> te kazala &#8211; &ldquo;<\/span><span style=\"font-style:italic\">U suradnji s Turisti\u010dkom zajednicom grada Ka\u0161tela, brojnim ustanovama i institucijama te kreativnim pojedincima, i ove godine smo organizirali ka\u0161telansko kulturno i zabavno ljeto. Programi su namijenjeni za sve uzraste i vjerujem da \u0107e u njima svi prona\u0107i ne\u0161to za sebe&quot; .&nbsp;<\/span><\/span>&nbsp;U svoje ime i u ime Grada te gradona\u010delnika Denisa, \u010destitala je 120. obljetnicu osnutka dru\u0161tva ve\u010dera\u0161njim slavljenicima, HPD-u Bija\u0107ka vila.<\/p>\n<p style=\"padding:0pt 0pt 12pt 0pt\"><img decoding=\"async\" alt=\"\" src=\"\/Portals\/0\/DSC_0973.jpg\" style=\"width: 500px; height: 333px;\" title=\"\" \/><\/p>\n<pre style=\"padding: 0pt 0pt 12pt;\">\nJadranka Matok - Bosan\u010di\u0107, dogradona\u010delnica Grada Ka\u0161tela<\/pre>\n<p style=\"padding:0pt 0pt 12pt 0pt\"><span style=\"font-weight:400; font-variant:normal; white-space:pre-wrap\"><span style=\"font-style:normal\">U sve\u010danoj proslavi sudjelovali su Gradski dje\u010dji zbor &ldquo;Ka\u0161telanski ti\u0107i&rdquo;, Kulturno umjetni\u010dko dru\u0161tvo &ldquo;Putalj&rdquo; te Klapa sv. Jeronim, kao gosti Hrvatskog pjeva\u010dkog dru\u0161tva Bija\u0107ka vila te su upotpunili ve\u010der svojim izvedbama.<\/span><\/span><\/p>\n<p style=\"padding:0pt 0pt 12pt 0pt\"><span style=\"font-weight:400; font-variant:normal; white-space:pre-wrap\"><span style=\"font-style:normal\">&bdquo;Croatio iz du\u0161e te ljubim&rdquo;, &ldquo;\u0106iribirela Mare moja&rdquo; i &ldquo;Kate moja&rdquo;, pjesme su koje je pred publikom izvela <\/span><\/span><span style=\"font-weight:700; font-variant:normal; white-space:pre-wrap\"><span style=\"font-style:normal\">klapa sv. Jeronim<\/span><\/span><span style=\"font-weight:400; font-variant:normal; white-space:pre-wrap\"><span style=\"font-style:normal\">.<\/span><\/span><\/p>\n<p style=\"padding:0pt 0pt 12pt 0pt\"><span style=\"font-weight:400; font-variant:normal; white-space:pre-wrap\"><span style=\"font-style:normal\"><img decoding=\"async\" alt=\"\" src=\"\/Portals\/0\/DSC_0082.jpg\" style=\"width: 500px; height: 333px;\" title=\"\" \/><\/span><\/span><\/p>\n<pre style=\"padding: 0pt 0pt 12pt;\">\n<span style=\"font-weight:400; font-variant:normal; white-space:pre-wrap\"><span style=\"font-style:normal\">Klapa sv. Jeronim<\/span><\/span><\/pre>\n<p style=\"padding:0pt 0pt 12pt 0pt\"><span style=\"font-weight:400; font-variant:normal; white-space:pre-wrap\"><span style=\"font-style:normal\"><strong>Gradski dje\u010dji zbor &ldquo;Ka\u0161telanski ti\u0107i&rdquo;<\/strong>, pod vodstvom maestra <\/span><\/span><span style=\"font-weight:700; font-variant:normal; white-space:pre-wrap\"><span style=\"font-style:normal\">\u010cale<\/span><\/span><span style=\"font-weight:400; font-variant:normal; white-space:pre-wrap\"><span style=\"font-style:normal\"> izveli su Berthierovu &ldquo;Jubilate deo&rdquo;, Je\u017eevu &ldquo;En ten tenera&rdquo; te pjesmu &ldquo;More&rdquo; koju je napisala Ivana Klari\u0107, a uglazbila Natalija Banov.<\/span><\/span><\/p>\n<p style=\"padding:0pt 0pt 12pt 0pt\"><span style=\"font-weight:400; font-variant:normal; white-space:pre-wrap\"><span style=\"font-style:normal\"><img decoding=\"async\" alt=\"\" src=\"\/Portals\/0\/DSC_0024.jpg\" style=\"width: 500px; height: 333px;\" title=\"\" \/><\/span><\/span><\/p>\n<pre style=\"padding: 0pt 0pt 12pt;\">\n<span style=\"white-space-collapse: preserve;\">Gradski dje\u010dji zbor &quot;Ka\u0161telanski ti\u0107i&quot;<\/span><\/pre>\n<p style=\"padding:0pt 0pt 12pt 0pt\"><span style=\"font-weight:400; font-variant:normal; white-space:pre-wrap\"><span style=\"font-style:normal\">Koreografiju Nikole Kapetanovi\u0107a i Antuna Bo\u017ei\u0107a, izveli su \u010dlanovi <strong>KUD-a Putalj<\/strong> uz pjesmu &ldquo;Me\u0111imurje, kak si lepo i zeleno&rdquo;.<\/span><\/span><\/p>\n<p style=\"padding:0pt 0pt 12pt 0pt\"><span style=\"font-weight:400; font-variant:normal; white-space:pre-wrap\"><span style=\"font-style:normal\"><img decoding=\"async\" alt=\"\" src=\"\/Portals\/0\/DSC_0140.jpg\" style=\"width: 500px; height: 333px;\" title=\"\" \/><\/span><\/span><\/p>\n<pre style=\"padding: 0pt 0pt 12pt;\">\n<span style=\"font-weight:400; font-variant:normal; white-space:pre-wrap\"><span style=\"font-style:normal\">KUD Putalj<\/span><\/span><\/pre>\n<p style=\"margin-bottom:16px\"><span style=\"font-weight:400; font-variant:normal; white-space:pre-wrap\"><span style=\"font-style:normal\">U dva mjeseca kulturnih i zabavnih doga\u0111anja, Ka\u0161telani i njihovi gosti mo\u0107i \u0107e u\u017eivati u ve\u0107 <\/span><\/span><span style=\"font-weight:400; font-variant:normal; white-space:pre-wrap\"><span style=\"font-style:normal\">tradicionalnim manifestacijama poput Glazbenih ve\u010deri kod sv. Jeronima, dance show u izvedbi plesnog kluba Lolita, Ve\u010der ka\u0161telanskih glendi i batudi, kao i tradicionalni folklorni programi poput &bdquo;Za jubav tanca\u0161e&ldquo; i &bdquo;Mise\u010dina prosula se kalom&quot; te<\/span><\/span><span style=\"font-weight:400; font-variant:normal; white-space:pre-wrap\"><span style=\"font-style:normal\"> plesno gastronomski Festival salse i \u0161al\u0161e.&nbsp; Ovo su samo neka od brojnih doga\u0111anja u kojima \u0107e na otvorenom u\u017eivati svi koji do\u0111u ovoga ljeta u grad pod Kozjakom.<\/span><\/span><\/p>\n<p style=\"margin-bottom:16px\"><span style=\"white-space-collapse: preserve;\">Voditeljica programa je bila gospo\u0111a<strong> Sandra Bar\u010dot<\/strong>.<\/span><\/p>\n","protected":false},"excerpt":{"rendered":"<p>Koncertom HPD Bija\u0107ka vila i njihovih gostiju, sve\u010dano je otvoreno 25. Ka\u0161telansko&nbsp;kulturno i zabavno&nbsp;ljeto&nbsp;koje ove godine broji sedamdesetak doga\u0111anja. Otvaranje [&hellip;]<\/p>\n","protected":false},"author":7,"featured_media":2013,"comment_status":"closed","ping_status":"open","sticky":false,"template":"","format":"standard","meta":{"_acf_changed":false,"footnotes":""},"categories":[1],"tags":[],"class_list":["post-2012","post","type-post","status-publish","format-standard","has-post-thumbnail","hentry","category-novosti"],"acf":[],"_links":{"self":[{"href":"https:\/\/kastela.hr\/en\/wp-json\/wp\/v2\/posts\/2012","targetHints":{"allow":["GET"]}}],"collection":[{"href":"https:\/\/kastela.hr\/en\/wp-json\/wp\/v2\/posts"}],"about":[{"href":"https:\/\/kastela.hr\/en\/wp-json\/wp\/v2\/types\/post"}],"author":[{"embeddable":true,"href":"https:\/\/kastela.hr\/en\/wp-json\/wp\/v2\/users\/7"}],"replies":[{"embeddable":true,"href":"https:\/\/kastela.hr\/en\/wp-json\/wp\/v2\/comments?post=2012"}],"version-history":[{"count":1,"href":"https:\/\/kastela.hr\/en\/wp-json\/wp\/v2\/posts\/2012\/revisions"}],"predecessor-version":[{"id":3949,"href":"https:\/\/kastela.hr\/en\/wp-json\/wp\/v2\/posts\/2012\/revisions\/3949"}],"wp:featuredmedia":[{"embeddable":true,"href":"https:\/\/kastela.hr\/en\/wp-json\/wp\/v2\/media\/2013"}],"wp:attachment":[{"href":"https:\/\/kastela.hr\/en\/wp-json\/wp\/v2\/media?parent=2012"}],"wp:term":[{"taxonomy":"category","embeddable":true,"href":"https:\/\/kastela.hr\/en\/wp-json\/wp\/v2\/categories?post=2012"},{"taxonomy":"post_tag","embeddable":true,"href":"https:\/\/kastela.hr\/en\/wp-json\/wp\/v2\/tags?post=2012"}],"curies":[{"name":"wp","href":"https:\/\/api.w.org\/{rel}","templated":true}]}}