{"id":2009,"date":"2023-07-03T09:02:00","date_gmt":"2023-07-03T07:02:00","guid":{"rendered":"https:\/\/kastela.hr\/en\/2023\/07\/03\/tjedni-pregled-dogadanja-u-sklopu-25-kastelanskog-kulturnog-i-zabavnog-ljeta\/"},"modified":"2024-08-29T10:47:34","modified_gmt":"2024-08-29T08:47:34","slug":"tjedni-pregled-dogadanja-u-sklopu-25-kastelanskog-kulturnog-i-zabavnog-ljeta","status":"publish","type":"post","link":"https:\/\/kastela.hr\/en\/2023\/07\/03\/tjedni-pregled-dogadanja-u-sklopu-25-kastelanskog-kulturnog-i-zabavnog-ljeta\/","title":{"rendered":"Tjedni pregled doga\u0111anja u sklopu 25. Ka\u0161telanskog kulturnog i zabavnog ljeta"},"content":{"rendered":"<p style=\"text-align:justify; margin-bottom:11px\">Danas, 3. srpnja odr\u017eat \u0107e se glazbeno-scenska manifestacija za djecu pod nazivom &bdquo;Ljetna \u0161krinjica&ldquo;, &nbsp;s po\u010detkom u 20.30 sati u Gospojskoj \u0161tradi u Ka\u0161tel Su\u0107urcu, a u organizaciji Su\u0107ura\u010dke amaterske udruge Putalj.<\/p>\n<p style=\"text-align:justify; margin-bottom:11px\">Sutra, 4. srpnja, o\u010dekuje vas DANCE SHOW, plesna ve\u010der u izvedbi plesnog kluba Lolita i gostiju, na brcu u Ka\u0161tel Kambelovcu s po\u010detkom u 21 sat.<\/p>\n<p style=\"text-align:justify; margin-bottom:11px\">Knji\u017eevno-glazbena ve\u010der uz autoricu Zvjezdanu \u010cagalj i goste u organizaciji Gradske knji\u017enice Ka\u0161tela odr\u017eat \u0107e se u srijedu, 5. srpnja, s po\u010detkom u 20.30 sati u Gospojskoj \u0161tradi u Ka\u0161tel Su\u0107urcu.<\/p>\n<p style=\"text-align:justify; margin-bottom:11px\">Udruga maslinara grada Ka\u0161tela Mastrinka organiziraju Glazbene ve\u010deri u Ru\u0161incu, u Ka\u0161tel Luk\u0161i\u0107u u srijedu, 5. srpnja s po\u010detkom u 20.30 sati.<\/p>\n<p style=\"text-align:justify; margin-bottom:11px\">U organizaciji Grada Ka\u0161tela, a u izvedbi Centra za kulturu Omi\u0161\/gradskog kazali\u0161ta Mali princ, u \u010detvrtak, 6. srpnja mo\u0107i \u0107ete u\u017eivati u momokomediji naziva &bdquo;Ja sam dama&ldquo;.<\/p>\n<p style=\"text-align:justify; margin-bottom:11px\">Za kraj tjedna, u subotu, 8. srpnja predvi\u0111ena je tradicionalna fe\u0161ta na otoku ljubavi Barbarinac, s po\u010detkom u 10 sati, a u organizaciji Krnjevalske pu\u010dke udruge Kampanel. Istog dana, u ve\u010dernjim satima, odr\u017eat \u0107e se dramski program za djecu pod nazivom &bdquo;Dje\u010dja ma\u0161ta mo\u017ee sva\u0161ta 2023.&ldquo;. Po\u010detak je predvi\u0111en u 20 sati u Dudanovom parku u ka\u0161tel Kambelovcu, a u organizaciji ka\u0161telanskog dje\u010djeg kazali\u0161ta \u0160katula.<\/p>\n<p style=\"text-align:justify; margin-bottom:11px\">Sva doga\u0111anja za posjetitelje su besplatna.<\/p>\n","protected":false},"excerpt":{"rendered":"<p>Danas, 3. srpnja odr\u017eat \u0107e se glazbeno-scenska manifestacija za djecu pod nazivom &bdquo;Ljetna \u0161krinjica&ldquo;, &nbsp;s po\u010detkom u 20.30 sati u [&hellip;]<\/p>\n","protected":false},"author":7,"featured_media":2010,"comment_status":"closed","ping_status":"open","sticky":false,"template":"","format":"standard","meta":{"_acf_changed":false,"footnotes":""},"categories":[1],"tags":[],"class_list":["post-2009","post","type-post","status-publish","format-standard","has-post-thumbnail","hentry","category-novosti"],"acf":[],"_links":{"self":[{"href":"https:\/\/kastela.hr\/en\/wp-json\/wp\/v2\/posts\/2009","targetHints":{"allow":["GET"]}}],"collection":[{"href":"https:\/\/kastela.hr\/en\/wp-json\/wp\/v2\/posts"}],"about":[{"href":"https:\/\/kastela.hr\/en\/wp-json\/wp\/v2\/types\/post"}],"author":[{"embeddable":true,"href":"https:\/\/kastela.hr\/en\/wp-json\/wp\/v2\/users\/7"}],"replies":[{"embeddable":true,"href":"https:\/\/kastela.hr\/en\/wp-json\/wp\/v2\/comments?post=2009"}],"version-history":[{"count":1,"href":"https:\/\/kastela.hr\/en\/wp-json\/wp\/v2\/posts\/2009\/revisions"}],"predecessor-version":[{"id":3947,"href":"https:\/\/kastela.hr\/en\/wp-json\/wp\/v2\/posts\/2009\/revisions\/3947"}],"wp:featuredmedia":[{"embeddable":true,"href":"https:\/\/kastela.hr\/en\/wp-json\/wp\/v2\/media\/2010"}],"wp:attachment":[{"href":"https:\/\/kastela.hr\/en\/wp-json\/wp\/v2\/media?parent=2009"}],"wp:term":[{"taxonomy":"category","embeddable":true,"href":"https:\/\/kastela.hr\/en\/wp-json\/wp\/v2\/categories?post=2009"},{"taxonomy":"post_tag","embeddable":true,"href":"https:\/\/kastela.hr\/en\/wp-json\/wp\/v2\/tags?post=2009"}],"curies":[{"name":"wp","href":"https:\/\/api.w.org\/{rel}","templated":true}]}}