{"id":2006,"date":"2023-07-04T07:27:00","date_gmt":"2023-07-04T05:27:00","guid":{"rendered":"https:\/\/kastela.hr\/en\/2023\/07\/04\/zvjezdana-prasina-knjizevno-glazbeno-likovna-vecer\/"},"modified":"2024-08-29T10:47:34","modified_gmt":"2024-08-29T08:47:34","slug":"zvjezdana-prasina-knjizevno-glazbeno-likovna-vecer","status":"publish","type":"post","link":"https:\/\/kastela.hr\/en\/2023\/07\/04\/zvjezdana-prasina-knjizevno-glazbeno-likovna-vecer\/","title":{"rendered":"Zvjezdana pra\u0161ina : knji\u017eevno-glazbeno-likovna ve\u010der"},"content":{"rendered":"<p>Gradska knji\u017enica Ka\u0161tela u sklopu Ka\u0161telanskog kulturnog ljeta organizira knji\u017eevno-glazbeno-likovnu ve\u010der&nbsp;<em>Zvjezdana pra\u0161ina 3<\/em>&nbsp;svestrane umjetnice Zvjezdane \u010cagalj&nbsp;<strong>u srijedu 5. srpnja 2023. g. u 20.30 sati u Gospojskoj \u0161tradi u Ka\u0161tel Su\u0107urcu<\/strong>.<br \/>\nU &bdquo;zvjezdanoj&ldquo; ve\u010deri pod zvijezdama, na prirodnoj pozornici u su\u0107ura\u010dkoj Gospojskoj \u0161tradi, podno kamene utvrde izgra\u0111ene 1392. godine, poeziju \u0107e kazivati&nbsp;<strong>Zvjezdana \u010cagalj<\/strong>&nbsp;i&nbsp;<strong>Bernarda Roudi<\/strong>; za glazbeni dio programa zadu\u017eeni su&nbsp;<strong>AD HOC ACOUSTIC<\/strong>, dok \u0107e zvjezdane trenutke ove ljetne ve\u010deri svojim kistom uhvatiti Jo\u0161ko \u010cizmi\u0107,&nbsp;<strong>Jelena Jur\u010devi\u0107<\/strong>&nbsp;i&nbsp;<strong>Ivo Rakulji\u0107<\/strong>.<br \/>\n&nbsp;<\/p>\n<p>Ulaz je slobodan.<\/p>\n","protected":false},"excerpt":{"rendered":"<p>Gradska knji\u017enica Ka\u0161tela u sklopu Ka\u0161telanskog kulturnog ljeta organizira knji\u017eevno-glazbeno-likovnu ve\u010der&nbsp;Zvjezdana pra\u0161ina 3&nbsp;svestrane umjetnice Zvjezdane \u010cagalj&nbsp;u srijedu 5. srpnja 2023. [&hellip;]<\/p>\n","protected":false},"author":7,"featured_media":2007,"comment_status":"closed","ping_status":"open","sticky":false,"template":"","format":"standard","meta":{"_acf_changed":false,"footnotes":""},"categories":[1],"tags":[],"class_list":["post-2006","post","type-post","status-publish","format-standard","has-post-thumbnail","hentry","category-novosti"],"acf":[],"_links":{"self":[{"href":"https:\/\/kastela.hr\/en\/wp-json\/wp\/v2\/posts\/2006","targetHints":{"allow":["GET"]}}],"collection":[{"href":"https:\/\/kastela.hr\/en\/wp-json\/wp\/v2\/posts"}],"about":[{"href":"https:\/\/kastela.hr\/en\/wp-json\/wp\/v2\/types\/post"}],"author":[{"embeddable":true,"href":"https:\/\/kastela.hr\/en\/wp-json\/wp\/v2\/users\/7"}],"replies":[{"embeddable":true,"href":"https:\/\/kastela.hr\/en\/wp-json\/wp\/v2\/comments?post=2006"}],"version-history":[{"count":1,"href":"https:\/\/kastela.hr\/en\/wp-json\/wp\/v2\/posts\/2006\/revisions"}],"predecessor-version":[{"id":3946,"href":"https:\/\/kastela.hr\/en\/wp-json\/wp\/v2\/posts\/2006\/revisions\/3946"}],"wp:featuredmedia":[{"embeddable":true,"href":"https:\/\/kastela.hr\/en\/wp-json\/wp\/v2\/media\/2007"}],"wp:attachment":[{"href":"https:\/\/kastela.hr\/en\/wp-json\/wp\/v2\/media?parent=2006"}],"wp:term":[{"taxonomy":"category","embeddable":true,"href":"https:\/\/kastela.hr\/en\/wp-json\/wp\/v2\/categories?post=2006"},{"taxonomy":"post_tag","embeddable":true,"href":"https:\/\/kastela.hr\/en\/wp-json\/wp\/v2\/tags?post=2006"}],"curies":[{"name":"wp","href":"https:\/\/api.w.org\/{rel}","templated":true}]}}