{"id":2000,"date":"2023-07-06T06:42:00","date_gmt":"2023-07-06T04:42:00","guid":{"rendered":"https:\/\/kastela.hr\/en\/2023\/07\/06\/grad-kastela-ponovno-izvrstan-po-ocjeni-transparentnosti-proracuna\/"},"modified":"2024-08-29T10:47:34","modified_gmt":"2024-08-29T08:47:34","slug":"grad-kastela-ponovno-izvrstan-po-ocjeni-transparentnosti-proracuna","status":"publish","type":"post","link":"https:\/\/kastela.hr\/en\/2023\/07\/06\/grad-kastela-ponovno-izvrstan-po-ocjeni-transparentnosti-proracuna\/","title":{"rendered":"Grad Ka\u0161tela ponovno izvrstan po ocjeni transparentnosti prora\u010duna"},"content":{"rendered":"<p><span style=\"font-weight:400; font-variant:normal; white-space:pre-wrap\"><span style=\"font-style:normal\">Institut za javne financije predstavio je rezultate istra\u017eivanja prora\u010dunske transparentnosti hrvatskih \u017eupanija, gradova i op\u0107ina. Grad Ka\u0161tela je i ove godine dobio ocjenu izvrstan (5). Rezultati su dobiveni na temelju analize slu\u017ebenih web stranica lokalnih jedinica, a prema broju objavljenih prora\u010dunskih dokumenata. Prema ocjenama Instituta za javne financije Grad Ka\u0161tela ima objavljene sve prora\u010dunske dokumente.<\/span><\/span><\/p>\n<p style=\"padding:0pt 0pt 12pt 0pt\"><span style=\"font-weight:400; font-variant:normal; white-space:pre-wrap\"><span style=\"font-style:normal\">Institut za javne financije ve\u0107 du\u017ei niz godina analizira prora\u010dunsku transparentnost svih hrvatskih \u017eupanija, gradova i op\u0107ina, a u ovom se radu prikazuje sa\u017eetak rezultata najnovijeg istra\u017eivanja provedenog u razoblju <\/span><\/span><span style=\"font-weight:400; font-variant:normal; white-space:pre-wrap\"><span style=\"font-style:normal\">studeni 2022. &ndash; travanj 2023.<\/span><\/span><span style=\"font-weight:400; font-variant:normal; white-space:pre-wrap\"><span style=\"font-style:normal\"> &nbsp;Prora\u010dunska transparentnost podrazumijeva uvid u potpune, to\u010dne, pravovremene i razumljive prora\u010dunske informacije.<\/span><\/span><\/p>\n<p style=\"margin-bottom:16px\"><span style=\"font-weight:400; font-variant:normal; white-space:pre-wrap\"><span style=\"font-style:normal\">Na temelju njih gra\u0111ani se mogu anga\u017eirati i poku\u0161ati utjecati na efikasnost prikupljanja i tro\u0161enja prora\u010dunskih sredstava, odgovornost Vlade i vlasti lokalnih jedinica, kao i na smanjenje mogu\u0107ih koruptivnih radnji.<\/span><\/span><\/p>\n<p>&nbsp;<\/p>\n","protected":false},"excerpt":{"rendered":"<p>Institut za javne financije predstavio je rezultate istra\u017eivanja prora\u010dunske transparentnosti hrvatskih \u017eupanija, gradova i op\u0107ina. Grad Ka\u0161tela je i ove [&hellip;]<\/p>\n","protected":false},"author":7,"featured_media":2001,"comment_status":"closed","ping_status":"open","sticky":false,"template":"","format":"standard","meta":{"_acf_changed":false,"footnotes":""},"categories":[1],"tags":[],"class_list":["post-2000","post","type-post","status-publish","format-standard","has-post-thumbnail","hentry","category-novosti"],"acf":[],"_links":{"self":[{"href":"https:\/\/kastela.hr\/en\/wp-json\/wp\/v2\/posts\/2000","targetHints":{"allow":["GET"]}}],"collection":[{"href":"https:\/\/kastela.hr\/en\/wp-json\/wp\/v2\/posts"}],"about":[{"href":"https:\/\/kastela.hr\/en\/wp-json\/wp\/v2\/types\/post"}],"author":[{"embeddable":true,"href":"https:\/\/kastela.hr\/en\/wp-json\/wp\/v2\/users\/7"}],"replies":[{"embeddable":true,"href":"https:\/\/kastela.hr\/en\/wp-json\/wp\/v2\/comments?post=2000"}],"version-history":[{"count":1,"href":"https:\/\/kastela.hr\/en\/wp-json\/wp\/v2\/posts\/2000\/revisions"}],"predecessor-version":[{"id":3944,"href":"https:\/\/kastela.hr\/en\/wp-json\/wp\/v2\/posts\/2000\/revisions\/3944"}],"wp:featuredmedia":[{"embeddable":true,"href":"https:\/\/kastela.hr\/en\/wp-json\/wp\/v2\/media\/2001"}],"wp:attachment":[{"href":"https:\/\/kastela.hr\/en\/wp-json\/wp\/v2\/media?parent=2000"}],"wp:term":[{"taxonomy":"category","embeddable":true,"href":"https:\/\/kastela.hr\/en\/wp-json\/wp\/v2\/categories?post=2000"},{"taxonomy":"post_tag","embeddable":true,"href":"https:\/\/kastela.hr\/en\/wp-json\/wp\/v2\/tags?post=2000"}],"curies":[{"name":"wp","href":"https:\/\/api.w.org\/{rel}","templated":true}]}}