{"id":1994,"date":"2023-07-09T19:43:00","date_gmt":"2023-07-09T17:43:00","guid":{"rendered":"https:\/\/kastela.hr\/en\/2023\/07\/09\/koncert-pivam-ti-grade-predstava-trci-evo-trideset-sedmaglazbeni-dardin-u-rusincu-lovestock-festival-ribarska-noc-giricica\/"},"modified":"2024-08-29T10:47:34","modified_gmt":"2024-08-29T08:47:34","slug":"koncert-pivam-ti-grade-predstava-trci-evo-trideset-sedmaglazbeni-dardin-u-rusincu-lovestock-festival-ribarska-noc-giricica","status":"publish","type":"post","link":"https:\/\/kastela.hr\/en\/2023\/07\/09\/koncert-pivam-ti-grade-predstava-trci-evo-trideset-sedmaglazbeni-dardin-u-rusincu-lovestock-festival-ribarska-noc-giricica\/","title":{"rendered":"Koncert \u201ePivam ti grade\u201c, predstava \u201eTr\u010di, evo trideset-sedma\u201c,Glazbeni \u0111ardin u Ru\u0161incu,  LOVESTOCK FESTIVAL, Ribarska no\u0107 Giri\u010di\u0107a&#8230;"},"content":{"rendered":"<p style=\"margin-bottom:11px\">U&nbsp; utorak, 11. srpnja odr\u017eat \u0107e se cjelove\u010dernji koncert &bdquo;Pivam ti grade&ldquo;, klape \u0160torija i gostiju, u ka\u0161tel Vitturiju u Ka\u0161tel Luk\u0161i\u0107u s po\u010detkom u 20.30 sati.<\/p>\n<p style=\"margin-bottom:11px\">Srijeda, 12. srpnja, rezervirana je za predstavu dramske grupe &bdquo;Bubice&ldquo; iz Udruge tjelesnih invalida Ka\u0161tela, koja je ujedno i organizator doga\u0111anja, pod nazivom &bdquo;Tr\u010di, evo trideset-sedma&ldquo;. &nbsp;Po\u010detak je u 21 sat u Dudanovom parku u Ka\u0161tel Kambelovcu.<\/p>\n<p style=\"margin-bottom:11px\">Isti dan, s po\u010detkom u 20.30 sati u organizaciji Udruge maslinara grada Ka\u0161tela Mastrinka, odr\u017eat \u0107e se Glazbeni \u0111ardin u Ru\u0161incu.<\/p>\n<p style=\"margin-bottom:11px\">Koncertom sakralne glazbe &ndash; ansamblom Celeste, u organizaciji \u017eupe sv. Ivana Krstitelja, u \u010detvrtak, 13. srpnja, proslavit \u0107e se 300 godina posvete crkve sv. Ivana Krstitelja u Ka\u0161tel Starom s po\u010detkom u 21 sat.<\/p>\n<p style=\"margin-bottom:11px\">Godi\u0161nji koncert KUD-a Ante Zaninovi\u0107 i gostiju &bdquo;Ispod balature&ldquo;, odr\u017eat \u0107e se 13. srpnja, u \u010detvrtak, na brcu u Ka\u0161tel Kambelovcu s po\u010detkom u 21 sat.<\/p>\n<p style=\"margin-bottom:11px\">Nemojte propustiti ni Ribarsku no\u0107 u organizaciji PSD Giri\u010di\u0107 koja \u0107e se odr\u017eati 14. srpnja, u petak, s po\u010detkom u 20 sati na platou sportske luke Giri\u010di\u0107 u Ka\u0161tel Gomilici.<\/p>\n<p style=\"margin-bottom:11px\">Od 13. &ndash; 15. srpnja u\u017eivamo u &nbsp;&quot;KA\u0160TELA GRAD LJUBAVI &#8211; LOVESTOCK FESTIVAL&quot;, u organizaciji GSU Ka\u0161telansko kazali\u0161te.<\/p>\n<p style=\"margin-bottom:11px\">Tri koncertne ve\u010deri, dvodnevni program za djecu i odrasle, trodnevni sajam vinila.<\/p>\n<p style=\"margin-bottom:11px\">Redom vas o\u010dekuju:<\/p>\n<p style=\"margin-bottom:11px\">13. srpnja (\u010detvrtak) &#8211; Peacefool Snyte, Mind Zoo i Mooncage<\/p>\n<p style=\"margin-bottom:11px\">21 sat, porat, Ka\u0161tel Stari<\/p>\n<p style=\"margin-bottom:11px\">14. srpnja (petak) &#8211; Alkea Neon &amp; Sound Doulas, Vrooom i Sara Renar<\/p>\n<p style=\"margin-bottom:11px\">21 sat, porat, Ka\u0161tel Stari<\/p>\n<p style=\"margin-bottom:11px\">15. srpnja (subota) &#8211; &nbsp;Koji Bend, Flying Head i Boozter<\/p>\n<p style=\"margin-bottom:11px\">21 sat, porat, Ka\u0161tel Stari<\/p>\n","protected":false},"excerpt":{"rendered":"<p>U&nbsp; utorak, 11. srpnja odr\u017eat \u0107e se cjelove\u010dernji koncert &bdquo;Pivam ti grade&ldquo;, klape \u0160torija i gostiju, u ka\u0161tel Vitturiju u [&hellip;]<\/p>\n","protected":false},"author":7,"featured_media":1995,"comment_status":"closed","ping_status":"open","sticky":false,"template":"","format":"standard","meta":{"_acf_changed":false,"footnotes":""},"categories":[1],"tags":[],"class_list":["post-1994","post","type-post","status-publish","format-standard","has-post-thumbnail","hentry","category-novosti"],"acf":[],"_links":{"self":[{"href":"https:\/\/kastela.hr\/en\/wp-json\/wp\/v2\/posts\/1994","targetHints":{"allow":["GET"]}}],"collection":[{"href":"https:\/\/kastela.hr\/en\/wp-json\/wp\/v2\/posts"}],"about":[{"href":"https:\/\/kastela.hr\/en\/wp-json\/wp\/v2\/types\/post"}],"author":[{"embeddable":true,"href":"https:\/\/kastela.hr\/en\/wp-json\/wp\/v2\/users\/7"}],"replies":[{"embeddable":true,"href":"https:\/\/kastela.hr\/en\/wp-json\/wp\/v2\/comments?post=1994"}],"version-history":[{"count":1,"href":"https:\/\/kastela.hr\/en\/wp-json\/wp\/v2\/posts\/1994\/revisions"}],"predecessor-version":[{"id":3942,"href":"https:\/\/kastela.hr\/en\/wp-json\/wp\/v2\/posts\/1994\/revisions\/3942"}],"wp:featuredmedia":[{"embeddable":true,"href":"https:\/\/kastela.hr\/en\/wp-json\/wp\/v2\/media\/1995"}],"wp:attachment":[{"href":"https:\/\/kastela.hr\/en\/wp-json\/wp\/v2\/media?parent=1994"}],"wp:term":[{"taxonomy":"category","embeddable":true,"href":"https:\/\/kastela.hr\/en\/wp-json\/wp\/v2\/categories?post=1994"},{"taxonomy":"post_tag","embeddable":true,"href":"https:\/\/kastela.hr\/en\/wp-json\/wp\/v2\/tags?post=1994"}],"curies":[{"name":"wp","href":"https:\/\/api.w.org\/{rel}","templated":true}]}}