{"id":1991,"date":"2023-07-17T08:02:00","date_gmt":"2023-07-17T06:02:00","guid":{"rendered":"https:\/\/kastela.hr\/en\/2023\/07\/17\/veceri-dalmatinske-pisme-koncert-klape-kampaneli-humanitarna-bila-noc-djecji-mjuzikl\/"},"modified":"2024-08-29T10:47:34","modified_gmt":"2024-08-29T08:47:34","slug":"veceri-dalmatinske-pisme-koncert-klape-kampaneli-humanitarna-bila-noc-djecji-mjuzikl","status":"publish","type":"post","link":"https:\/\/kastela.hr\/en\/2023\/07\/17\/veceri-dalmatinske-pisme-koncert-klape-kampaneli-humanitarna-bila-noc-djecji-mjuzikl\/","title":{"rendered":"Ve\u010deri dalmatinske pisme, koncert klape Kampaneli, humanitarna &#8216;Bila no\u0107&#8217;, dje\u010dji mjuzikl&#8230;"},"content":{"rendered":"<p style=\"text-align:justify; margin-bottom:11px\">Tjedan nam zapo\u010dinje 21. Me\u0111unarodnim festivalom folklora pod nazivom &bdquo;Za jubav tanca\u0161e&ldquo;, u organizaciji KUD-a Ante Zaninovi\u0107, a odr\u017eat \u0107e se na brcu u Ka\u0161tel Kambelovcu s po\u010detkom u 21 sat.<\/p>\n<p style=\"text-align:justify; margin-bottom:11px\"><img decoding=\"async\" alt=\"\" src=\"\/Portals\/0\/358562978_747628470701338_4127390701215238853_n.jpg\" style=\"width: 283px; height: 400px;\" title=\"\" \/><\/p>\n<p style=\"text-align:justify; margin-bottom:11px\">U utorak, 18. srpnja, u organizaciji HGD Zrinski &ndash; Donja Ka\u0161tela, na brcu u Ka\u0161tel Kambelovcu odr\u017eat \u0107e se koncert HGD Zrinski i gostiju s po\u010detkom u 21 sat.<\/p>\n<p style=\"text-align:justify; margin-bottom:11px\"><img decoding=\"async\" alt=\"\" src=\"\/Portals\/0\/348868718_758763059589394_7802783914020452781_n.jpg\" style=\"width: 305px; height: 400px;\" title=\"\" \/><\/p>\n<p style=\"text-align:justify; margin-bottom:11px\">Koncert klape Kampaneli i gostiju odr\u017eat \u0107e se u srijedu, 19. srpnja, u Vitturiju u Ka\u0161tel Luk\u0161i\u0107u s po\u010detkom u 21 sat, dok \u0107e istu ve\u010der u Ru\u0161incu biti odr\u017eane Glazbene ve\u010deri s&nbsp; po\u010detkom u 20.30 sati.<\/p>\n<p style=\"text-align:justify; margin-bottom:11px\">U \u010detvrtak, 20. srpnja, u organizaciji GSU Ka\u0161telansko kazali\u0161te i udruge DEA DIA dance studio, odr\u017eat \u0107e se dje\u010dji mjuzikl &bdquo;Dance, dance, dance&ldquo; prema pri\u010di mjuzikla &bdquo;Mamma mia&ldquo;. Po\u010detak je u 20 sati, u Novom parku u Ka\u0161tel Luk\u0161i\u0107u.<\/p>\n<p style=\"text-align:justify; margin-bottom:11px\">Klub navija\u010da Hajduka &ndash; Torcida Ka\u0161tel Gomilica u petak, 21. srpnja, organizira humanitarnu &bdquo;Bilu no\u0107&ldquo; na pla\u017ei Torac u Ka\u0161tel Gomilici s po\u010detkom u 18 sati.<\/p>\n<p style=\"text-align:justify; margin-bottom:11px\">U subotu, 22. srpnja, s po\u010detkom u 20 sati na mulu u Ka\u0161tel Su\u0107urcu, odr\u017eat \u0107e se cjelove\u010dernji program uz nastup tambura\u0161kog sastava &bdquo;Za pet&ldquo;. Organizator doga\u0111anja je HNK JADRAN KS.<\/p>\n<p style=\"text-align:justify; margin-bottom:11px\">Za kraj tjedna &ndash; VE\u010cERI DALMATINSKE PISME KA\u0160TELA 2023.<\/p>\n<p style=\"text-align:justify; margin-bottom:11px\"><img decoding=\"async\" alt=\"\" src=\"\/Portals\/0\/359473524_710217361132319_3865176461782576896_n.jpg\" style=\"width: 851px; height: 315px;\" title=\"\" \/><\/p>\n<p style=\"text-align:justify; margin-bottom:11px\">Prvu ve\u010der, u subotu, 22. srpnja na poljani pored \u017eupne crkve sv. Mihovila u Ka\u0161tel Kambelovcu, s po\u010detkom u 21 sat, odr\u017eat \u0107e se koncert Tomislava Brali\u0107a i klape Intrade pod nazivom &bdquo;Sretan ti 25. ro\u0111endan VDP&ldquo;.<\/p>\n<p style=\"text-align:justify; margin-bottom:11px\">Druga ve\u010der, u nedjelju, 23. srpnja, predvi\u0111ena je za doga\u0111aj pod nazivom Ka\u0161telanski \u0111ir &ndash; ve\u010der novih skladbi. Po\u010detak je u 21 sat na poljani pored \u017eupne crkve sv. Mihovila u Ka\u0161tel Kambelovcu.<\/p>\n<p style=\"text-align:justify\"><span style=\"background:white\">Organizator je udruga Ve\u010deri dalmatinske pisme &ndash; Ka\u0161tela, a u<span style=\"letter-spacing:-.4pt\">laznice mo\u017eete nabaviti online na&nbsp;<a href=\"https:\/\/shop.adriaticket.com\/event-details\/2253\/veceri-dalmatinske-pisme-2023---koncert-tomislav-bralic-i-klapa-intrade\">www.adriaticket.com<\/a> i na prodajnim mjestima Hotel Baletna \u0161kola u Kambelovcu i Caffe bar Gajo u Starome po cijeni od 15 eura.<\/span><\/span><\/p>\n","protected":false},"excerpt":{"rendered":"<p>Tjedan nam zapo\u010dinje 21. Me\u0111unarodnim festivalom folklora pod nazivom &bdquo;Za jubav tanca\u0161e&ldquo;, u organizaciji KUD-a Ante Zaninovi\u0107, a odr\u017eat \u0107e [&hellip;]<\/p>\n","protected":false},"author":7,"featured_media":1992,"comment_status":"closed","ping_status":"open","sticky":false,"template":"","format":"standard","meta":{"_acf_changed":false,"footnotes":""},"categories":[1],"tags":[],"class_list":["post-1991","post","type-post","status-publish","format-standard","has-post-thumbnail","hentry","category-novosti"],"acf":[],"_links":{"self":[{"href":"https:\/\/kastela.hr\/en\/wp-json\/wp\/v2\/posts\/1991","targetHints":{"allow":["GET"]}}],"collection":[{"href":"https:\/\/kastela.hr\/en\/wp-json\/wp\/v2\/posts"}],"about":[{"href":"https:\/\/kastela.hr\/en\/wp-json\/wp\/v2\/types\/post"}],"author":[{"embeddable":true,"href":"https:\/\/kastela.hr\/en\/wp-json\/wp\/v2\/users\/7"}],"replies":[{"embeddable":true,"href":"https:\/\/kastela.hr\/en\/wp-json\/wp\/v2\/comments?post=1991"}],"version-history":[{"count":1,"href":"https:\/\/kastela.hr\/en\/wp-json\/wp\/v2\/posts\/1991\/revisions"}],"predecessor-version":[{"id":3940,"href":"https:\/\/kastela.hr\/en\/wp-json\/wp\/v2\/posts\/1991\/revisions\/3940"}],"wp:featuredmedia":[{"embeddable":true,"href":"https:\/\/kastela.hr\/en\/wp-json\/wp\/v2\/media\/1992"}],"wp:attachment":[{"href":"https:\/\/kastela.hr\/en\/wp-json\/wp\/v2\/media?parent=1991"}],"wp:term":[{"taxonomy":"category","embeddable":true,"href":"https:\/\/kastela.hr\/en\/wp-json\/wp\/v2\/categories?post=1991"},{"taxonomy":"post_tag","embeddable":true,"href":"https:\/\/kastela.hr\/en\/wp-json\/wp\/v2\/tags?post=1991"}],"curies":[{"name":"wp","href":"https:\/\/api.w.org\/{rel}","templated":true}]}}