{"id":1435,"date":"2023-07-13T10:48:00","date_gmt":"2023-07-13T08:48:00","guid":{"rendered":"https:\/\/kastela.hr\/en\/2023\/07\/13\/zapoceli-radovi-na-dogradnji-vrtica-tresnjica-u-kastel-luksicu\/"},"modified":"2024-08-29T10:47:34","modified_gmt":"2024-08-29T08:47:34","slug":"zapoceli-radovi-na-dogradnji-vrtica-tresnjica-u-kastel-luksicu","status":"publish","type":"post","link":"https:\/\/kastela.hr\/en\/2023\/07\/13\/zapoceli-radovi-na-dogradnji-vrtica-tresnjica-u-kastel-luksicu\/","title":{"rendered":"Zapo\u010deli radovi na dogradnji vrti\u0107a Tre\u0161njica u Ka\u0161tel Luk\u0161i\u0107u"},"content":{"rendered":"<p>Ju\u010der su slu\u017ebeno zapo\u010deli radovi na dje\u010djem vrti\u0107u Tre\u0161njica u Ka\u0161tel Luk\u0161i\u0107u. Ugovor je sklopljen s tvrtkom Generali\u0107 d.o.o., odabranom putem postupka javne nabave, ukupna vrijednost radova iznosi 614.536,09 EUR sa PDV-om, a rok za izvr\u0161enje je 12.12.2023.<\/p>\n<p>Za investiciju dogradnje vrti\u0107a Tre\u0161njica, Grad Ka\u0161tela je sredinom o\u017eujka potpisao Ugovor o dodjeli bespovratnih sredstava za projekte koji se financiraju iz Mehanizma za oporavak i otpornost vrijedan 162.452,72 &euro;.<\/p>\n<p>Zavr\u0161etkom projekta i izgradnje, te stavljanjem u uporabu, Ka\u0161tela \u0107e dobiti novu jasli\u010dku skupinu sa potpuno opremljenim i modernim boravkom i popratnim prostorijama, koja \u0107e prihvatiti djecu u pedago\u0161koj godini 2024.\/2025.<\/p>\n<p><img decoding=\"async\" alt=\"\" src=\"\/Portals\/0\/HR%20Financira%20Europska%20unija_POS%20%28002%29_1.jpg\" style=\"width: 700px; height: 168px;\" title=\"\" \/><\/p>\n<p>&nbsp;<\/p>\n","protected":false},"excerpt":{"rendered":"<p>Ju\u010der su slu\u017ebeno zapo\u010deli radovi na dje\u010djem vrti\u0107u Tre\u0161njica u Ka\u0161tel Luk\u0161i\u0107u. Ugovor je sklopljen s tvrtkom Generali\u0107 d.o.o., odabranom [&hellip;]<\/p>\n","protected":false},"author":7,"featured_media":645,"comment_status":"closed","ping_status":"open","sticky":false,"template":"","format":"standard","meta":{"_acf_changed":false,"footnotes":""},"categories":[1],"tags":[],"class_list":["post-1435","post","type-post","status-publish","format-standard","has-post-thumbnail","hentry","category-novosti"],"acf":[],"_links":{"self":[{"href":"https:\/\/kastela.hr\/en\/wp-json\/wp\/v2\/posts\/1435","targetHints":{"allow":["GET"]}}],"collection":[{"href":"https:\/\/kastela.hr\/en\/wp-json\/wp\/v2\/posts"}],"about":[{"href":"https:\/\/kastela.hr\/en\/wp-json\/wp\/v2\/types\/post"}],"author":[{"embeddable":true,"href":"https:\/\/kastela.hr\/en\/wp-json\/wp\/v2\/users\/7"}],"replies":[{"embeddable":true,"href":"https:\/\/kastela.hr\/en\/wp-json\/wp\/v2\/comments?post=1435"}],"version-history":[{"count":1,"href":"https:\/\/kastela.hr\/en\/wp-json\/wp\/v2\/posts\/1435\/revisions"}],"predecessor-version":[{"id":3941,"href":"https:\/\/kastela.hr\/en\/wp-json\/wp\/v2\/posts\/1435\/revisions\/3941"}],"wp:featuredmedia":[{"embeddable":true,"href":"https:\/\/kastela.hr\/en\/wp-json\/wp\/v2\/media\/645"}],"wp:attachment":[{"href":"https:\/\/kastela.hr\/en\/wp-json\/wp\/v2\/media?parent=1435"}],"wp:term":[{"taxonomy":"category","embeddable":true,"href":"https:\/\/kastela.hr\/en\/wp-json\/wp\/v2\/categories?post=1435"},{"taxonomy":"post_tag","embeddable":true,"href":"https:\/\/kastela.hr\/en\/wp-json\/wp\/v2\/tags?post=1435"}],"curies":[{"name":"wp","href":"https:\/\/api.w.org\/{rel}","templated":true}]}}