{"id":1258,"date":"2024-03-02T05:10:00","date_gmt":"2024-03-02T04:10:00","guid":{"rendered":"https:\/\/kastela.hr\/en\/2024\/03\/02\/svecana-sjednica-gradskog-vijeca\/"},"modified":"2024-08-29T10:47:20","modified_gmt":"2024-08-29T08:47:20","slug":"svecana-sjednica-gradskog-vijeca","status":"publish","type":"post","link":"https:\/\/kastela.hr\/en\/2024\/03\/02\/svecana-sjednica-gradskog-vijeca\/","title":{"rendered":"Sve\u010dana sjednica Gradskog vije\u0107a"},"content":{"rendered":"<p style=\"text-align:justify\"><span style=\"background:white\"><span lang=\"HR\" style=\"background:white\">Povodom Dana grada Ka\u0161tela ju\u010der je u Kulturnom centru u Ka\u0161tel Luk\u0161i\u0107u odr\u017eana sve\u010dana sjednica Gradskog vije\u0107a na kojoj su, uz predstavnike gradova prijatelja iz vi\u0161e europskih dr\u017eava, izaslanstva susjednih gradova i op\u0107ina, predstavnika brojnih udruga, tvrtki i institucija, nazo\u010dili i <\/span>ministar regionalnog razvoja i fondova Europske unije <b>\u0160ime Erli\u0107 <\/b>kao izaslanik Vlade Republike Hrvatske, zastupnica Hrvatskog sabora <b>Danica Bari\u010devi\u0107 <\/b><span lang=\"HR\" style=\"background:white\">u ime predsjednika i potpredsjednika Sabora<\/span>, dr\u017eavna tajnica Ministarstva pravosu\u0111a i uprave <b>Vedrana \u0160imund\u017ea Nikoli\u0107<\/b>, predsjednik \u017dupanijske skup\u0161tine Splitsko-dalmatinske \u017eupanije <b>Mate \u0160imundi\u0107<\/b> i \u017eupan Splitsko-dalmatinske \u017eupanije <b>Bla\u017eenko Boban<\/b><span lang=\"HR\" style=\"background:white\">, a sve njih pozdravili su predsjednik Gradskog vije\u0107a&nbsp;<b>Ivan Udovi\u010di\u0107<\/b>&nbsp;te ka\u0161telanski gradona\u010delnik&nbsp;<b>Denis Ivanovi\u0107<\/b>.<\/span><\/span><\/p>\n<p style=\"text-align:justify\"><span style=\"background:white\"><span lang=\"HR\" style=\"background:white\">Himnu domovine otpjevala je klapa Cambi te su time sve\u010dano otvorili sjednicu Gradskog vije\u0107a.<\/span><\/span><\/p>\n<p style=\"text-align:justify\"><span style=\"background:white\"><span lang=\"HR\" style=\"background:white\">Ovom prilikom prisutni su mogli pogledati i kratak promotivni film koji govori o realiziranim projektima u proteklom razdoblju kao i budu\u0107im planovima kad je rije\u010d o investicijama &#8211; posebno kad su u pitanju izgradnja novog vrti\u0107a na luk\u0161i\u0107koj njivi te izgradnja ambulante u sklopu Doma zdravlja SD\u017d i Ljekarne SD\u017d u Ka\u0161tel Gomilici, dogradnja postoje\u0107eg vrti\u0107a Vi\u0161njice, ure\u0111enje kina sv. Juraj, a uslijedili su i govori predsjednika Gradskog vije\u0107a <b>Ivana Udovi\u010di\u0107a<\/b> i gradona\u010delnika grada Ka\u0161tela <b>Denisa Ivanovi\u0107a.<\/b><\/span><\/span><\/p>\n<p style=\"text-align:justify\"><span style=\"background:white\">&#8211; Ka\u0161tela danas \u017eive jedno bolje doba. Upornim zalaganjem svih odgovornih zadnjih 30 i ne\u0161to godina zna\u010dajno smo promijenili svoj odnos prema javnom dobru \u0161to je utjecalo na smanjenje negativnih \u010dimbenika i potaklo ulaganje u nove vrijednosti. Grad smo ugodan za \u017eivot. Kad to ka\u017eem ne mislim da se treba pomiriti s prosjekom, moramo stalno tra\u017eiti vi\u0161e i nadam se da na tome i radimo. Moram zahvaliti Gradskoj upravi na \u010delu s gradona\u010delnikom Denisom Ivanovi\u0107em i njegovim suradnicima kao i Gradskom vije\u0107e \u0161to uistinu kod svih gradskih odluka na prvo mjesto stavljaju interes grada i na\u0161ih gra\u0111ana &#8211; kazao je predsjednik Gradskog vije\u0107a<strong>&nbsp;Ivan Udovi\u010di\u0107<\/strong>&nbsp;\u010destitaju\u0107i Dan grada Ka\u0161tela. <\/span><\/p>\n<p style=\"text-align:justify\"><span style=\"background:white\">Gradona\u010delnik grada Ka\u0161tela <b>Denis Ivanovi\u0107<\/b> osvrnuo se na zavr\u0161ene projekte u protekloj godini te najavio one u skoroj budu\u0107nosti<\/span><\/p>\n<p style=\"text-align:justify\"><span style=\"background:white\">&#8211; Zavr\u0161ili smo Kulturni centar koji je financiran isklju\u010divo iz gradskog prora\u010duna i time su na\u0161i kulturnjaci dobili ono \u0161to zaslu\u017euju. Drugi korak je ure\u0111enje kina Sv. Juraj u Su\u0107urcu. Tako\u0111er, ako pogledamo malo pro\u0161lu godinu, dovr\u0161ili smo dogradnju dje\u010djeg vrti\u0107a Tre\u0161njica u Luk\u0161i\u0107u. Krenuli smo s dogradnjom vrti\u0107a u Radunu i ono \u0161to nam sljedi je, nadam se nakon ljeta, izgradnja velikog vrti\u0107a iza spomenika Tu\u0111manu u Luk\u0161i\u0107u. Time \u0107emo rije\u0161iti problem neupisane djece. Tako\u0111er, moram kazati pro\u0161le smo godine otvorili recikla\u017eno dvori\u0161te u Su\u0107urcu. Volim se pohvaliti da smo dosegli stopu odvajanja otpada na oko 26 do 27 posto &ndash; kazao je gradona\u010delnik&nbsp;<strong>Denis Ivanovi\u0107 i<\/strong>&nbsp;dodao kako \u0107e im i dalje prioritet biti komunalna infrastruktura te da \u0107e se u zadnjem tromjese\u010dju godine i\u0107i sa B paketom aglomeracije te da se u asfaltiranje i odr\u017eavanje ulica izdvojilo 1,3 milijuna eura samo u pro\u0161loj godini te da \u0107e se i\u0107i u rekonstrukciju javne rasvjete sredstvima europskih fondova.<\/span><\/p>\n<p style=\"text-align:justify\"><span style=\"background:white\"><span lang=\"PL\" style=\"background:white\">U sklopu programa, nastupila je <b>klapa Cambi <\/b>nakon koje su uslijedili pozdravi delegacije gradova prijatelja, zatim nastup mali\u0161ana Dje\u010djeg vrti\u0107a Ka\u0161tela&nbsp; &#8211; Folklorna igraonica pod vodstvom <b>Mirele Vrgo\u010d<\/b> i <b>Marije Lemo<\/b> te govori \u017eupana <b>Bla\u017eenka Bobana<\/b>, <\/span>zastupnice Hrvatskog sabora <b>Danice Bari\u010devi\u0107 i <\/b>ministra regionalnog razvoja i fondova Europske unije <b>\u0160ime Erli\u0107a.<\/b><\/span><\/p>\n<p style=\"text-align:justify\"><span style=\"background:white\">\u010cestitku povodom dana grada uputio je i \u017eupan <b>Bla\u017eenko Boban<\/b> <\/span><\/p>\n<p style=\"text-align:justify\"><span style=\"background:white\">&#8211; Ka\u0161tela su drugi veliki grad u na\u0161oj dalmatinskoj \u017eupaniji. Ono \u0161to ovdje \u017eelim istaknuti je uprava grada Ka\u0161tela na \u010delu s gradona\u010delnikom Denisom Ivanovi\u0107em jer su Ka\u0161tela danas potpuno ure\u0111en grad. Zaista ugodan grad za \u017eivot, grad koji, vjerujte mi, u usporedbi s drugim gradovima nije ba\u0161 lagan, dug je skoro 30 kilometara od Trogira do Solina i ima sedam svojih mjesta. A gra\u0111ani su takve naravi da \u017eele imati \u0161to bolju infrastrukturu u svojoj sredini. Moram pohvaliti Ka\u0161tela jer su prvi &nbsp;pripremili \u010dak tri projekta za \u0161kole. Dva su projekta ve\u0107 na suglasnosti u ministarstvu. Ka\u0161tela su primjer ostalim lokalnim zajednicama i ja im od srca na tome \u010destitam &ndash; kazao je&nbsp;<strong>Bla\u017eenko Boban<\/strong>.<\/span><\/p>\n<p style=\"text-align:justify\"><span style=\"background:white\"><span lang=\"PL\" style=\"background:white\">&#8211; \u010cestitam gradona\u010delniku grada Ka\u0161tela i njegovoj zamjenici na svim realiziranim projektima, \u010dine\u0107i Ka\u0161tela mjestom po\u017eeljnim za \u017eivot u Splitsko-dalmatinskoj \u017eupaniji. Kazala bi i da na\u010din na koji na\u0161 premijer Andrej Plenkovi\u0107&nbsp; vodi vladu i politiku zadnjih osam godina pokazuje snagu hrvatske dr\u017eave, odgovornu i stabilnu politiku i ostvaruje veliki ugled u Hrvatskoj, Europi i u svijetu. Dvanaesti kvartal zaredom raste BDP i jedan smo od najuspje\u0161nijih zemalja u EU po rastu BDP &ndash; kazala je saborska zastupnica&nbsp;<strong>Danica Bari\u010devi\u0107.<\/strong><\/span><\/span><\/p>\n<p style=\"text-align:justify\"><span style=\"background:white\"><span lang=\"PL\" style=\"background:white\">Ministar Erli\u0107 je napomenuo je i kako je Hrvatskoj na raspolaganju povijesna prilika povla\u010denja europskih sredstava u iznosu od 25 milijardi eura do kraja desetlje\u0107a te \u0107e se uz dobro kori\u0161tenje sredstava europskih fondova podi\u0107i standard gra\u0111ana<\/span><\/span><\/p>\n<p style=\"text-align:justify\"><span style=\"background:white\"><span lang=\"PL\" style=\"background:white\">&#8211; Izuzetno mi je drago da smo danas u Ka\u0161telima i ovom prilikom \u010destitam vam Dan grada. Lijepo je ovo obilje\u017eavanje u ovom predivnom Kulturnom centru koji na najbolji mogu\u0107i na\u010din svjedo\u010di o razvoju grada i jednom dobrom upravljanju gradom. Vidimo da je to grad koji se razvija na zadovoljstvo svih koji ima jednu dobru infrastrukturu i kvalitetu \u017eivota. \u010cinjenica je da smo se kao dr\u017eava, \u017eupanija i grad Ka\u0161tela puno digli u zadnjih osam godina zahvaljuju\u0107i \u010dlanstvu u Europskoj uniji,&ndash; kazao je&nbsp;<strong>\u0160ime Erli\u0107&nbsp;<\/strong>ministar regionalnoga razvoja&nbsp;i&nbsp;fondova Europske unije.<\/span><\/span><\/p>\n<p style=\"text-align:justify\"><span style=\"background:white\"><span lang=\"PL\" style=\"background:white\">Proslava Dana grada prilika je da se uru\u010de nagrade laureatima, a ovogodi\u0161njim dobitnicima dodijeljene su na ju\u010dera\u0161njoj sve\u010danoj sjednici Gradskog vije\u0107a.<\/span><\/span><\/p>\n<p style=\"text-align:justify\"><span style=\"background:white\"><span lang=\"PL\" style=\"background:white\">Uz prikazivanje prigodnog filma o \u017eivotu i radu nagra\u0111enih osoba te klubova i dru\u0161tava, ove godine uru\u010deno je pet nagrada za \u017eivotno djelo, od \u010dega<b> dvije<\/b> <b>posmrtno &nbsp;&#8211; Ivanu Deli\u0107u i Vinku Dobri\u0107u<\/b>. Nagrade grada Ka\u0161tela za \u017eivotno djelo pripale su i <b>dr. Anti Omazi\u0107u, Tihomiru Zecu <\/b>te<b> \u0160imi Toma\u0161u<\/b>. <\/span><\/span><\/p>\n<p style=\"text-align:justify\"><span style=\"background:white\"><span lang=\"PL\" style=\"background:white\">Osobna godi\u0161nja nagrada pripala je <b>Nata\u0161i Juki\u0107<\/b>. <\/span><\/span><\/p>\n<p style=\"text-align:justify\"><span style=\"background:white\">Posebna priznanja Grada Ka\u0161tela za 2023. godinu&nbsp;dobili su&nbsp;<strong>Pomorsko \u0161portsko dru\u0161tvo &bdquo;Srdela&ldquo;&nbsp;<\/strong>povodom 20. obljetnice osnutka za osobit doprinos razvoju ribolovnog sporta na moru i podmorju, organizaciji humanitarnih doga\u0111anja te promociji grada Ka\u0161tela.<\/span><\/p>\n<p style=\"text-align:justify\"><span style=\"background:white\"><strong>Judo klubu &bdquo;Dalmacijacement<\/strong>&nbsp;povodom 50. obljetnice osnutka za osobit doprinos za razvoj juda, postignute rezultate na dr\u017eavnim i me\u0111unarodnim natjecanjima, te za promicanje grada Ka\u0161tela u zemlji i inozemstvu.<\/span><\/p>\n<p style=\"text-align:justify\"><span style=\"background:white\"><strong>Dobrovoljno vatrogasno dru\u0161tvo &bdquo;Ka\u0161tela&ldquo;<\/strong>&nbsp;povodom 70. obljetnice osnutka za osobit doprinos na organiziranju sustava vatrogastva i za\u0161tite od po\u017eara grada Ka\u0161tela te promicanju grada.<\/span><\/p>\n<p style=\"text-align:justify\"><span style=\"background:white\">Zatim,&nbsp;<strong>nogometni klub &bdquo;GO\u0160K&ldquo; Ka\u0161tela<\/strong>&nbsp;povodom 100. obljetnice osnutka za osobit doprinos za aktivno sudjelovanje na slu\u017ebenim natjecanjima te promicanju sportskog \u017eivota grada Ka\u0161tela.<\/span><\/p>\n<p style=\"text-align:justify\"><span style=\"background:white\"><span lang=\"PL\" style=\"background:white\">Na kraju, himnu grada Ka\u0161tela je otpjevao, kako ga zovu, ka\u0161telanski slavuj &ndash; Nedo Kova\u010dev.<\/span><\/span><\/p>\n<p style=\"text-align:justify\"><span style=\"background:white\"><span lang=\"PL\" style=\"background:white\">Foto: Ivana Topi\u0107, Portal grada Ka\u0161tela<\/span><\/span><\/p>\n","protected":false},"excerpt":{"rendered":"<p>Povodom Dana grada Ka\u0161tela ju\u010der je u Kulturnom centru u Ka\u0161tel Luk\u0161i\u0107u odr\u017eana sve\u010dana sjednica Gradskog vije\u0107a na kojoj su, [&hellip;]<\/p>\n","protected":false},"author":7,"featured_media":545,"comment_status":"closed","ping_status":"open","sticky":false,"template":"","format":"standard","meta":{"_acf_changed":false,"footnotes":""},"categories":[1],"tags":[],"class_list":["post-1258","post","type-post","status-publish","format-standard","has-post-thumbnail","hentry","category-novosti"],"acf":[],"_links":{"self":[{"href":"https:\/\/kastela.hr\/en\/wp-json\/wp\/v2\/posts\/1258","targetHints":{"allow":["GET"]}}],"collection":[{"href":"https:\/\/kastela.hr\/en\/wp-json\/wp\/v2\/posts"}],"about":[{"href":"https:\/\/kastela.hr\/en\/wp-json\/wp\/v2\/types\/post"}],"author":[{"embeddable":true,"href":"https:\/\/kastela.hr\/en\/wp-json\/wp\/v2\/users\/7"}],"replies":[{"embeddable":true,"href":"https:\/\/kastela.hr\/en\/wp-json\/wp\/v2\/comments?post=1258"}],"version-history":[{"count":1,"href":"https:\/\/kastela.hr\/en\/wp-json\/wp\/v2\/posts\/1258\/revisions"}],"predecessor-version":[{"id":3632,"href":"https:\/\/kastela.hr\/en\/wp-json\/wp\/v2\/posts\/1258\/revisions\/3632"}],"wp:featuredmedia":[{"embeddable":true,"href":"https:\/\/kastela.hr\/en\/wp-json\/wp\/v2\/media\/545"}],"wp:attachment":[{"href":"https:\/\/kastela.hr\/en\/wp-json\/wp\/v2\/media?parent=1258"}],"wp:term":[{"taxonomy":"category","embeddable":true,"href":"https:\/\/kastela.hr\/en\/wp-json\/wp\/v2\/categories?post=1258"},{"taxonomy":"post_tag","embeddable":true,"href":"https:\/\/kastela.hr\/en\/wp-json\/wp\/v2\/tags?post=1258"}],"curies":[{"name":"wp","href":"https:\/\/api.w.org\/{rel}","templated":true}]}}