{"id":1242,"date":"2024-03-05T12:45:00","date_gmt":"2024-03-05T11:45:00","guid":{"rendered":"https:\/\/kastela.hr\/en\/2024\/03\/05\/predstavnici-grada-uprilicili-prijem-za-zensku-klapu-neverin\/"},"modified":"2024-08-29T10:47:20","modified_gmt":"2024-08-29T08:47:20","slug":"predstavnici-grada-uprilicili-prijem-za-zensku-klapu-neverin","status":"publish","type":"post","link":"https:\/\/kastela.hr\/en\/2024\/03\/05\/predstavnici-grada-uprilicili-prijem-za-zensku-klapu-neverin\/","title":{"rendered":"Predstavnici Grada uprili\u010dili prijem za \u017eensku klapu Neverin"},"content":{"rendered":"<p style=\"text-align:justify; margin-bottom:11px\">Danas je u Gradskoj upravi odr\u017ean sve\u010dani prijem za \u017eensku klapu Neverin koja ove godine slavi 20 godina umjetni\u010dkog djelovanja. Tim povodom, kao i za izniman doprinos klapskom pjevanju, gradona\u010delnik <b>Denis Ivanovi\u0107<\/b> dodijelio im je Posebno priznanje grada Ka\u0161tela.<\/p>\n<p style=\"text-align:justify; margin-bottom:11px\">&#8211; Stvarno se mo\u017eemo pohvaliti velikim brojem klapa u Ka\u0161telima,&nbsp; a vama \u010destitam prvih 20 godina va\u0161eg djelovanja i mi kao Grad \u0107emo vam uvijek biti tu na raspolaganju, kazao je gradona\u010delnik grada Ka\u0161tela <b>Denis Ivanovi\u0107<\/b> i naglasio izvrsnu obostranu suradnju i spremnost klape Neverin da uvijek sudjeluje na protokolarnim doga\u0111anjima Grada te svojim pjesmama razveseli publiku.<\/p>\n<p style=\"text-align:justify; margin-bottom:11px\">O samim po\u010decima \u017eenske klape Neverin, nastupima, osvojenim nagradama, ali i o me\u0111usobnom odnosu \u010dlanica, govorila je <b>Antonela Buri\u0107,<\/b> najdugovje\u010dnija \u010dlanica klape.<\/p>\n<p style=\"text-align:justify; margin-bottom:11px\">&#8211; Kao i svi po\u010deci, i na\u0161 po\u010detak je bio te\u017eak. Kao mlade djevojke, nismo imale dostatnu podr\u0161ku okoline. Sama klapa nastala je iz prijateljskog dru\u017eenja prilikom studiranja na Ekonomskom fakultetu,&nbsp; a kroz 20 godina pro\u0161lo je dosta pjeva\u010dica. Najve\u0107u podr\u0161ku u samom po\u010detku imale smo od pokojnog \u017eupnika, don Ante \u0160ipi\u0107a, pokojnog Ante Grgantova te Ante Kazotija, \u010dovjeka velikog i plemenitog srca, kazala je<b> Antonela<\/b>.<\/p>\n<p style=\"text-align:justify; margin-bottom:11px\">S godinama su u\u010dvrstile svoju poziciju me\u0111u klapama, a tome svjedo\u010di i preko 60 osvojenih nagrada. Najdra\u017ea, isti\u010de Antonela je, 2. pobjeda na Omi\u0161kom festivalu, koja potvr\u0111uje prvu nagradu osvojenu na istoimenom festivalu i sav njihov trud i ulo\u017eeno vrijeme u ono \u0161to vole &ndash; pjevanje.<\/p>\n<p style=\"text-align:justify; margin-bottom:11px\">Do kraja godine u planu je i objava prvog albuma kojim \u0107e obilje\u017eiti 20 godina djelovanja kao i veliki koncert u sklopu Ka\u0161telanskog kulturnog ljeta.<\/p>\n<p style=\"text-align:justify; margin-bottom:11px\">Kako i same ka\u017eu, najve\u0107a nagrada im je \u0161to su ostale na okupu. Postale su jedna obitelj,&nbsp; a me\u0111usobno su tu jedna za drugu, \u0161to se ka\u017ee &#8211; &nbsp;i u pono\u0107, i u podne.<\/p>\n<p style=\"text-align:justify; margin-bottom:11px\">Na prijemu su, osim predstavnika Grada Ka\u0161tela, gradona\u010delnika <b>Denisa Ivanovi\u0107a<\/b> i pro\u010delnice Upravnog odjela za poslove gradona\u010delnika i stru\u010dne poslove <b>Ivane Modri\u0107<\/b>, prisustvovale sljede\u0107e <b>\u010dlanice klape Neverin<\/b>: Tea Bona\u010di\u0107, Ana Ujevi\u0107 Bogdan, Danijela Petra\u0161i\u0107, Antonela Buri\u0107, Marija Be\u0161li\u0107 i Natalija Ra\u010dunica. Ostale \u010dlanice klape, koje nisu bile u mogu\u0107nosti prisustvovati prijemu, jesu Marija Vitlo Ujevi\u0107, Marija Lu\u010din, Tajana \u010culi\u0107 Petri\u0107 i Viktorija Pu\u0107o.<\/p>\n","protected":false},"excerpt":{"rendered":"<p>Danas je u Gradskoj upravi odr\u017ean sve\u010dani prijem za \u017eensku klapu Neverin koja ove godine slavi 20 godina umjetni\u010dkog djelovanja. [&hellip;]<\/p>\n","protected":false},"author":7,"featured_media":539,"comment_status":"closed","ping_status":"open","sticky":false,"template":"","format":"standard","meta":{"_acf_changed":false,"footnotes":""},"categories":[1],"tags":[],"class_list":["post-1242","post","type-post","status-publish","format-standard","has-post-thumbnail","hentry","category-novosti"],"acf":[],"_links":{"self":[{"href":"https:\/\/kastela.hr\/en\/wp-json\/wp\/v2\/posts\/1242","targetHints":{"allow":["GET"]}}],"collection":[{"href":"https:\/\/kastela.hr\/en\/wp-json\/wp\/v2\/posts"}],"about":[{"href":"https:\/\/kastela.hr\/en\/wp-json\/wp\/v2\/types\/post"}],"author":[{"embeddable":true,"href":"https:\/\/kastela.hr\/en\/wp-json\/wp\/v2\/users\/7"}],"replies":[{"embeddable":true,"href":"https:\/\/kastela.hr\/en\/wp-json\/wp\/v2\/comments?post=1242"}],"version-history":[{"count":1,"href":"https:\/\/kastela.hr\/en\/wp-json\/wp\/v2\/posts\/1242\/revisions"}],"predecessor-version":[{"id":3629,"href":"https:\/\/kastela.hr\/en\/wp-json\/wp\/v2\/posts\/1242\/revisions\/3629"}],"wp:featuredmedia":[{"embeddable":true,"href":"https:\/\/kastela.hr\/en\/wp-json\/wp\/v2\/media\/539"}],"wp:attachment":[{"href":"https:\/\/kastela.hr\/en\/wp-json\/wp\/v2\/media?parent=1242"}],"wp:term":[{"taxonomy":"category","embeddable":true,"href":"https:\/\/kastela.hr\/en\/wp-json\/wp\/v2\/categories?post=1242"},{"taxonomy":"post_tag","embeddable":true,"href":"https:\/\/kastela.hr\/en\/wp-json\/wp\/v2\/tags?post=1242"}],"curies":[{"name":"wp","href":"https:\/\/api.w.org\/{rel}","templated":true}]}}